{"id":11060,"date":"2024-05-14T20:18:51","date_gmt":"2024-05-15T00:18:51","guid":{"rendered":"http:\/\/172.27.0.121\/?p=11060"},"modified":"2024-05-15T19:46:23","modified_gmt":"2024-05-15T23:46:23","slug":"presidente-me-alimento-del-pueblo-su-sabiduria-conciencia-y-consejos","status":"publish","type":"post","link":"https:\/\/prensapresidencialvenezuela.gob.ve\/index.php\/2024\/05\/14\/presidente-me-alimento-del-pueblo-su-sabiduria-conciencia-y-consejos\/","title":{"rendered":"Presidente: Me alimento del pueblo, su sabidur\u00eda, conciencia y consejos"},"content":{"rendered":"\n<p><strong>San Felipe, estado Yaracuy.-<\/strong> El presidente de la Rep\u00fablica Bolivariana de Venezuela, Nicol\u00e1s Maduro, afirm\u00f3 que su fuerza y su trabajo, su empuje y ganas de seguir adelante se deben al pueblo venezolano, a su conciencia, y a sus consejos.<\/p>\n\n\n\n<p>Desde San Felipe, ubicado en el estado Yaracuy, enfatiz\u00f3 que \u00e9l se nutre diariamente de la fuerza y el empuje del pueblo de Venezuela.<\/p>\n\n\n\n<p>\u201cMe <a><\/a>alimento todos los d\u00edas del pueblo, de su sabidur\u00eda, de su conciencia y su empuje. Yo me nutro todos los d\u00edas de gente sencilla como este pueblo yaracuyano\u201d, apunt\u00ed.<\/p>\n\n\n\n<p>Igualmente, hizo entrega de varias obras al pueblo yaracuyano afirmando que todo ha sido posible gracias a las Bricomiles y al apoyo y la mano del pueblo, con pulso, para que a las comunidades les lleguen las obras como el acueducto de R\u00edo Claro en el Municipio Cocorote y el Hospital Central de San Felipe.<\/p>\n\n\n\n<p>\u201cEstamos aqu\u00ed hoy en Yaracuy y sentimos su fuerza y su energ\u00eda, porque estamos gobernando junto al pueblo en Yaracuy y en Venezuela, junto a las comunidades todo se puede\u201d, se\u00f1al\u00f3.<\/p>\n\n\n\n<p>El Mandatario venezolano inspeccion\u00f3 algunas obras junto a las brigadas comunitarias y educativas del estado Yaracuy y afirm\u00f3 que todo es posible con la mano del pueblo y del 1X10 del buen gobierno porque en Venezuela vamos para arriba y para mejor.<\/p>\n\n\n\n<p><strong>Prensa Presidencial \/ Orlando Ru\u00edz<\/strong><\/p>\n","protected":false},"excerpt":{"rendered":"<p>San Felipe, estado Yaracuy.- El presidente de la Rep\u00fablica Bolivariana de Venezuela, Nicol\u00e1s Maduro, afirm\u00f3 que su fuerza y su trabajo, su empuje y ganas de seguir adelante se deben al pueblo venezolano, a su conciencia, y a sus consejos. Desde San Felipe, ubicado en el estado Yaracuy, enfatiz\u00f3 que \u00e9l se nutre diariamente de [&hellip;]<\/p>\n","protected":false},"author":4,"featured_media":11055,"comment_status":"open","ping_status":"open","sticky":false,"template":"","format":"standard","meta":{"footnotes":""},"categories":[18,7],"tags":[30,19,27,20],"class_list":["post-11060","post","type-post","status-publish","format-standard","has-post-thumbnail","hentry","category-noticias-principales","category-notas-de-prensa","tag-destacado","tag-nicolas-maduro","tag-revolucion-bolivariana","tag-venezuela"],"_links":{"self":[{"href":"https:\/\/prensapresidencialvenezuela.gob.ve\/index.php\/wp-json\/wp\/v2\/posts\/11060","targetHints":{"allow":["GET"]}}],"collection":[{"href":"https:\/\/prensapresidencialvenezuela.gob.ve\/index.php\/wp-json\/wp\/v2\/posts"}],"about":[{"href":"https:\/\/prensapresidencialvenezuela.gob.ve\/index.php\/wp-json\/wp\/v2\/types\/post"}],"author":[{"embeddable":true,"href":"https:\/\/prensapresidencialvenezuela.gob.ve\/index.php\/wp-json\/wp\/v2\/users\/4"}],"replies":[{"embeddable":true,"href":"https:\/\/prensapresidencialvenezuela.gob.ve\/index.php\/wp-json\/wp\/v2\/comments?post=11060"}],"version-history":[{"count":2,"href":"https:\/\/prensapresidencialvenezuela.gob.ve\/index.php\/wp-json\/wp\/v2\/posts\/11060\/revisions"}],"predecessor-version":[{"id":11066,"href":"https:\/\/prensapresidencialvenezuela.gob.ve\/index.php\/wp-json\/wp\/v2\/posts\/11060\/revisions\/11066"}],"wp:featuredmedia":[{"embeddable":true,"href":"https:\/\/prensapresidencialvenezuela.gob.ve\/index.php\/wp-json\/wp\/v2\/media\/11055"}],"wp:attachment":[{"href":"https:\/\/prensapresidencialvenezuela.gob.ve\/index.php\/wp-json\/wp\/v2\/media?parent=11060"}],"wp:term":[{"taxonomy":"category","embeddable":true,"href":"https:\/\/prensapresidencialvenezuela.gob.ve\/index.php\/wp-json\/wp\/v2\/categories?post=11060"},{"taxonomy":"post_tag","embeddable":true,"href":"https:\/\/prensapresidencialvenezuela.gob.ve\/index.php\/wp-json\/wp\/v2\/tags?post=11060"}],"curies":[{"name":"wp","href":"https:\/\/api.w.org\/{rel}","templated":true}]}}