{"id":11075,"date":"2024-05-16T14:38:12","date_gmt":"2024-05-16T18:38:12","guid":{"rendered":"http:\/\/172.27.0.121\/?p=11075"},"modified":"2024-05-17T14:39:17","modified_gmt":"2024-05-17T18:39:17","slug":"presidente-maduro-lidera-acto-de-instalacion-del-comando-de-campana-venezuela-nuestra","status":"publish","type":"post","link":"https:\/\/prensapresidencialvenezuela.gob.ve\/index.php\/2024\/05\/16\/presidente-maduro-lidera-acto-de-instalacion-del-comando-de-campana-venezuela-nuestra\/","title":{"rendered":"Presidente Maduro lidera acto de instalaci\u00f3n del Comando de Campa\u00f1a \u201cVenezuela Nuestra\u201d"},"content":{"rendered":"\n<p><strong>Waraira Repano, Caracas.-<\/strong> El presidente del Partido Socialista Unido de Venezuela (PSUV), Nicol\u00e1s Maduro Moros, lider\u00f3 \u2013este jueves- la instalaci\u00f3n del Comando de Campa\u00f1a \u201cVenezuela Nuestra\u201d.<\/p>\n\n\n\n<p>A este acto que se realiza en los espacios del Hotel Humboldt, ubicado en el Parque Nacional Waraira Repano, asisten los padrinos y las madrinas de la Comisi\u00f3n Presidencial del 1X10 del Buen Gobierno, <a><\/a>gobernadoras y gobernadores, alcaldes y alcaldesas, as\u00ed como la Juventud del Partido Socialista Unido de Venezuela (JPSUV) y los respectivos enlaces de cada entidad.<\/p>\n\n\n\n<p>En un mensaje lleno de determinaci\u00f3n y optimismo, el Jefe de Estado y de Gobierno, Nicol\u00e1s Maduro, se\u00f1al\u00f3 a trav\u00e9s de su usuario en la red social X, @NicolasMaduro, que Venezuela se encamina hacia una nueva victoria popular, impulsada por la conciencia del pueblo que no se rinde y se mantiene firme ante los desaf\u00edos que enfrenta la naci\u00f3n.<\/p>\n\n\n\n<p>\u00abVamos hacia una nueva Victoria Popular, inspirados en la conciencia de un pueblo poderoso que no se rinde ni se rendir\u00e1 jam\u00e1s. Asumimos con gallard\u00eda la defensa de nuestro pa\u00eds ante la maldad y la perversidad de los apellidos, los ap\u00e1tridas y de quienes pretendan da\u00f1ar la Patria independiente forjada por sangre de guerreras y guerreros. \u00a1Estamos dando pasos firmes hacia la grandeza! \u00a1Rumbo al 2030!\u00bb, puntualiz\u00f3.<\/p>\n\n\n\n<p>Acompa\u00f1an al Mandatario nacional, Cilia Flores, Primera Combatiente y diputada a la Asamblea Nacional (AN); Diosdado Cabello, vicepresidente del Partido Socialista Unido de Venezuela (PSUV); Delcy Rodr\u00edguez, vicepresidenta Ejecutiva de la Rep\u00fablica, y Vicepresidentes Sectoriales de Gobierno, gobernadores y alcaldes, entre otras autoridades.<\/p>\n\n\n\n<p>En contexto, el pasado mes de marzo el m\u00e1ximo l\u00edder de la toda pol\u00edtica fue proclamado como el candidato de la Revoluci\u00f3n Bolivariana para las elecciones presidenciales, pautadas para el mes de julio de este a\u00f1o.<\/p>\n\n\n\n<p><strong>Prensa Presidencial \/ Eduardo Hueck<\/strong><\/p>\n","protected":false},"excerpt":{"rendered":"<p>Waraira Repano, Caracas.- El presidente del Partido Socialista Unido de Venezuela (PSUV), Nicol\u00e1s Maduro Moros, lider\u00f3 \u2013este jueves- la instalaci\u00f3n del Comando de Campa\u00f1a \u201cVenezuela Nuestra\u201d. A este acto que se realiza en los espacios del Hotel Humboldt, ubicado en el Parque Nacional Waraira Repano, asisten los padrinos y las madrinas de la Comisi\u00f3n Presidencial [&hellip;]<\/p>\n","protected":false},"author":4,"featured_media":11076,"comment_status":"open","ping_status":"open","sticky":false,"template":"","format":"standard","meta":{"footnotes":""},"categories":[18,7],"tags":[30,19,27,20],"class_list":["post-11075","post","type-post","status-publish","format-standard","has-post-thumbnail","hentry","category-noticias-principales","category-notas-de-prensa","tag-destacado","tag-nicolas-maduro","tag-revolucion-bolivariana","tag-venezuela"],"_links":{"self":[{"href":"https:\/\/prensapresidencialvenezuela.gob.ve\/index.php\/wp-json\/wp\/v2\/posts\/11075","targetHints":{"allow":["GET"]}}],"collection":[{"href":"https:\/\/prensapresidencialvenezuela.gob.ve\/index.php\/wp-json\/wp\/v2\/posts"}],"about":[{"href":"https:\/\/prensapresidencialvenezuela.gob.ve\/index.php\/wp-json\/wp\/v2\/types\/post"}],"author":[{"embeddable":true,"href":"https:\/\/prensapresidencialvenezuela.gob.ve\/index.php\/wp-json\/wp\/v2\/users\/4"}],"replies":[{"embeddable":true,"href":"https:\/\/prensapresidencialvenezuela.gob.ve\/index.php\/wp-json\/wp\/v2\/comments?post=11075"}],"version-history":[{"count":1,"href":"https:\/\/prensapresidencialvenezuela.gob.ve\/index.php\/wp-json\/wp\/v2\/posts\/11075\/revisions"}],"predecessor-version":[{"id":11077,"href":"https:\/\/prensapresidencialvenezuela.gob.ve\/index.php\/wp-json\/wp\/v2\/posts\/11075\/revisions\/11077"}],"wp:featuredmedia":[{"embeddable":true,"href":"https:\/\/prensapresidencialvenezuela.gob.ve\/index.php\/wp-json\/wp\/v2\/media\/11076"}],"wp:attachment":[{"href":"https:\/\/prensapresidencialvenezuela.gob.ve\/index.php\/wp-json\/wp\/v2\/media?parent=11075"}],"wp:term":[{"taxonomy":"category","embeddable":true,"href":"https:\/\/prensapresidencialvenezuela.gob.ve\/index.php\/wp-json\/wp\/v2\/categories?post=11075"},{"taxonomy":"post_tag","embeddable":true,"href":"https:\/\/prensapresidencialvenezuela.gob.ve\/index.php\/wp-json\/wp\/v2\/tags?post=11075"}],"curies":[{"name":"wp","href":"https:\/\/api.w.org\/{rel}","templated":true}]}}