{"id":11119,"date":"2024-05-17T19:51:31","date_gmt":"2024-05-17T23:51:31","guid":{"rendered":"http:\/\/172.27.0.121\/?p=11119"},"modified":"2024-05-17T19:51:33","modified_gmt":"2024-05-17T23:51:33","slug":"presidente-maduro-al-pueblo-de-portuguesa-vamos-rumbo-a-una-gran-victoria-el-28-j","status":"publish","type":"post","link":"https:\/\/prensapresidencialvenezuela.gob.ve\/index.php\/2024\/05\/17\/presidente-maduro-al-pueblo-de-portuguesa-vamos-rumbo-a-una-gran-victoria-el-28-j\/","title":{"rendered":"Presidente Maduro al pueblo de Portuguesa: Vamos rumbo a una gran victoria el 28-J"},"content":{"rendered":"\n<p><strong>Palacio de Miraflores, Caracas.- <\/strong>Al saludar la movilizaci\u00f3n en el municipio Guanare, el presidente de la Rep\u00fablica, Nicol\u00e1s Maduro, enfatiz\u00f3 que, el pr\u00f3ximo 28 de julio, Portuguesa ser\u00e1 el estado m\u00e1s votado en las elecciones donde se definir\u00e1 el futuro del siglo XXI.<\/p>\n\n\n\n<p>\u201cPortuguesa es fundamental para la gran victoria del pr\u00f3ximo 28 de julio en las elecciones, donde el pueblo venezolano da un paso <a><\/a>final adelante, defendiendo su derecho a la paz, a la estabilidad, su derecho al futuro (\u2026) porque a nosotros no nos detiene nada ni nadie\u201d, acot\u00f3.<\/p>\n\n\n\n<p>Durante un contacto telef\u00f3nico a la multitud concentrada en Guanare, el Mandatario asegur\u00f3 que Portuguesa est\u00e1 en la vanguardia de la producci\u00f3n de alimentos.<\/p>\n\n\n\n<p>\u201cSe est\u00e1n produciendo los alimentos (\u2026) es un gran logro que hemos obtenido compa\u00f1eros, compa\u00f1eras\u201d, destac\u00f3.<\/p>\n\n\n\n<p>Ratific\u00f3 que el pueblo venezolano es perseverante ante las amenazas y sanciones del imperio norteamericano.<\/p>\n\n\n\n<p>\u201cJam\u00e1s nos rendimos, jam\u00e1s fuimos cobardes frente a amenazas, sanciones todo lo que nos hemos ganado, lo hemos ganado a pulso, no nos han regalado nada, todo ha sido por esfuerzo propio del campesino, de la campesina, del empresario, de la empresaria, del productor, de la productora de la mujer de su casa\u201d, apunt\u00f3.<\/p>\n\n\n\n<p>Finalmente, puntualiz\u00f3 que Venezuela avanza hacia el camino de la recuperaci\u00f3n econ\u00f3mica y social \u201cpuedo decir que hemos recuperado a nuestro pa\u00eds y ahora vamos con la 7T hacia el pa\u00eds potencia, hacia el pa\u00eds prosperidad, a mejorar todo, a cambiar todo\u201d.<\/p>\n\n\n\n<p><strong>Prensa Presidencial \/ Joelin Jim\u00e9nez<\/strong><\/p>\n","protected":false},"excerpt":{"rendered":"<p>Palacio de Miraflores, Caracas.- Al saludar la movilizaci\u00f3n en el municipio Guanare, el presidente de la Rep\u00fablica, Nicol\u00e1s Maduro, enfatiz\u00f3 que, el pr\u00f3ximo 28 de julio, Portuguesa ser\u00e1 el estado m\u00e1s votado en las elecciones donde se definir\u00e1 el futuro del siglo XXI. \u201cPortuguesa es fundamental para la gran victoria del pr\u00f3ximo 28 de julio [&hellip;]<\/p>\n","protected":false},"author":6,"featured_media":10943,"comment_status":"open","ping_status":"open","sticky":false,"template":"","format":"standard","meta":{"footnotes":""},"categories":[18,7],"tags":[],"class_list":["post-11119","post","type-post","status-publish","format-standard","has-post-thumbnail","hentry","category-noticias-principales","category-notas-de-prensa"],"_links":{"self":[{"href":"https:\/\/prensapresidencialvenezuela.gob.ve\/index.php\/wp-json\/wp\/v2\/posts\/11119","targetHints":{"allow":["GET"]}}],"collection":[{"href":"https:\/\/prensapresidencialvenezuela.gob.ve\/index.php\/wp-json\/wp\/v2\/posts"}],"about":[{"href":"https:\/\/prensapresidencialvenezuela.gob.ve\/index.php\/wp-json\/wp\/v2\/types\/post"}],"author":[{"embeddable":true,"href":"https:\/\/prensapresidencialvenezuela.gob.ve\/index.php\/wp-json\/wp\/v2\/users\/6"}],"replies":[{"embeddable":true,"href":"https:\/\/prensapresidencialvenezuela.gob.ve\/index.php\/wp-json\/wp\/v2\/comments?post=11119"}],"version-history":[{"count":1,"href":"https:\/\/prensapresidencialvenezuela.gob.ve\/index.php\/wp-json\/wp\/v2\/posts\/11119\/revisions"}],"predecessor-version":[{"id":11120,"href":"https:\/\/prensapresidencialvenezuela.gob.ve\/index.php\/wp-json\/wp\/v2\/posts\/11119\/revisions\/11120"}],"wp:featuredmedia":[{"embeddable":true,"href":"https:\/\/prensapresidencialvenezuela.gob.ve\/index.php\/wp-json\/wp\/v2\/media\/10943"}],"wp:attachment":[{"href":"https:\/\/prensapresidencialvenezuela.gob.ve\/index.php\/wp-json\/wp\/v2\/media?parent=11119"}],"wp:term":[{"taxonomy":"category","embeddable":true,"href":"https:\/\/prensapresidencialvenezuela.gob.ve\/index.php\/wp-json\/wp\/v2\/categories?post=11119"},{"taxonomy":"post_tag","embeddable":true,"href":"https:\/\/prensapresidencialvenezuela.gob.ve\/index.php\/wp-json\/wp\/v2\/tags?post=11119"}],"curies":[{"name":"wp","href":"https:\/\/api.w.org\/{rel}","templated":true}]}}