{"id":11140,"date":"2024-05-19T12:48:32","date_gmt":"2024-05-19T16:48:32","guid":{"rendered":"http:\/\/172.27.0.121\/?p=11140"},"modified":"2024-05-22T12:49:55","modified_gmt":"2024-05-22T16:49:55","slug":"venezuela-se-solidariza-con-el-pueblo-irani-tras-aterrizaje-forzoso-de-helicoptero-presidencial","status":"publish","type":"post","link":"https:\/\/prensapresidencialvenezuela.gob.ve\/index.php\/2024\/05\/19\/venezuela-se-solidariza-con-el-pueblo-irani-tras-aterrizaje-forzoso-de-helicoptero-presidencial\/","title":{"rendered":"Venezuela se solidariza con el pueblo iran\u00ed tras aterrizaje forzoso de helic\u00f3ptero presidencial"},"content":{"rendered":"\n<p><strong>Palacio de Miraflores, Caracas.-<\/strong> El presidente de la Rep\u00fablica Bolivariana de Venezuela, Nicol\u00e1s Maduro Moros, se solidariz\u00f3 con el pueblo de la Rep\u00fablica Isl\u00e1mica de Ir\u00e1n, luego del aterrizaje forzoso del helic\u00f3ptero que trasladaba a su hom\u00f3logo persa, Ebrahim Raisi, ocurrido este domingo al noroeste del pa\u00eds.<\/p>\n\n\n\n<p>Durante la segunda emisi\u00f3n del TikTok Live, se\u00f1al\u00f3 seguir de cerca las <a><\/a>labores de los equipos de rescate en la zona del accidente, al tiempo que subray\u00f3 mantenerse en oraci\u00f3n por el pronto regreso a casa de los ocupantes de la aeronave.<\/p>\n\n\n\n<p>\u00abElevamos oraciones por \u00e9l, por el Canciller, por todo su equipo de trabajo que viajaba en el helic\u00f3ptero\u00bb, expres\u00f3 el Mandatario.<\/p>\n\n\n\n<p>En este sentido, apunt\u00f3 que se est\u00e1n generando mucha informaci\u00f3n respecto al accidente \u00aby esperamos que con el favor de Dios todo pueda ser encaminado y todo salga bien, desde aqu\u00ed nuestra solidaridad con la Rep\u00fablica Isl\u00e1mica de Ir\u00e1n\u00bb.<\/p>\n\n\n\n<p>El Jefe de Estado manifest\u00f3 que el siniestro fue un \u00abhecho lamentable en tiempo real\u00bb e indic\u00f3 que el mundo se encuentra a la expectativa siguiendo de cerca la evoluci\u00f3n de las labores de b\u00fasqueda del helic\u00f3ptero y de las autoridades iran\u00edes.<\/p>\n\n\n\n<p>Este domingo, 19 de mayo el helic\u00f3ptero que transportaba al presidente iran\u00ed, Ebrahim Raisi, se accident\u00f3 debido a las malas condiciones clim\u00e1ticas.<\/p>\n\n\n\n<p>Al respecto, el ministro del Interior de Ir\u00e1n, Ahmad Vahidi, confirm\u00f3 que el helic\u00f3ptero hizo un aterrizaje forzoso en la ciudad de Jolfa, en la provincia noroccidental de Azerbaiy\u00e1n Oriental.<\/p>\n\n\n\n<p>En el helic\u00f3ptero se encontraban el jefe de Estado, Ebrahim Raisi, el ministro de Asuntos Exteriores, Hossein Amir-Abdollahian, al gobernador de Azerbaiy\u00e1n Oriental, Malek Rahmati, as\u00ed como tambi\u00e9n varios pasajeros.<\/p>\n\n\n\n<p>En horas de la noche de este domingo, el Gobierno de Ir\u00e1n intensific\u00f3 las labores de b\u00fasqueda en el noroeste del pa\u00eds, sin embargo, las condiciones meteorol\u00f3gicas de la zona donde se estrell\u00f3 el helic\u00f3ptero son desfavorables debido a la densa neblina y la lluvia.<\/p>\n\n\n\n<p><strong>Prensa Presidencial \/ Joelin Jim\u00e9nez<\/strong><\/p>\n\n\n\n<p><\/p>\n","protected":false},"excerpt":{"rendered":"<p>Palacio de Miraflores, Caracas.- El presidente de la Rep\u00fablica Bolivariana de Venezuela, Nicol\u00e1s Maduro Moros, se solidariz\u00f3 con el pueblo de la Rep\u00fablica Isl\u00e1mica de Ir\u00e1n, luego del aterrizaje forzoso del helic\u00f3ptero que trasladaba a su hom\u00f3logo persa, Ebrahim Raisi, ocurrido este domingo al noroeste del pa\u00eds. Durante la segunda emisi\u00f3n del TikTok Live, se\u00f1al\u00f3 [&hellip;]<\/p>\n","protected":false},"author":6,"featured_media":10831,"comment_status":"open","ping_status":"open","sticky":false,"template":"","format":"standard","meta":{"footnotes":""},"categories":[18,7],"tags":[],"class_list":["post-11140","post","type-post","status-publish","format-standard","has-post-thumbnail","hentry","category-noticias-principales","category-notas-de-prensa"],"_links":{"self":[{"href":"https:\/\/prensapresidencialvenezuela.gob.ve\/index.php\/wp-json\/wp\/v2\/posts\/11140","targetHints":{"allow":["GET"]}}],"collection":[{"href":"https:\/\/prensapresidencialvenezuela.gob.ve\/index.php\/wp-json\/wp\/v2\/posts"}],"about":[{"href":"https:\/\/prensapresidencialvenezuela.gob.ve\/index.php\/wp-json\/wp\/v2\/types\/post"}],"author":[{"embeddable":true,"href":"https:\/\/prensapresidencialvenezuela.gob.ve\/index.php\/wp-json\/wp\/v2\/users\/6"}],"replies":[{"embeddable":true,"href":"https:\/\/prensapresidencialvenezuela.gob.ve\/index.php\/wp-json\/wp\/v2\/comments?post=11140"}],"version-history":[{"count":1,"href":"https:\/\/prensapresidencialvenezuela.gob.ve\/index.php\/wp-json\/wp\/v2\/posts\/11140\/revisions"}],"predecessor-version":[{"id":11141,"href":"https:\/\/prensapresidencialvenezuela.gob.ve\/index.php\/wp-json\/wp\/v2\/posts\/11140\/revisions\/11141"}],"wp:featuredmedia":[{"embeddable":true,"href":"https:\/\/prensapresidencialvenezuela.gob.ve\/index.php\/wp-json\/wp\/v2\/media\/10831"}],"wp:attachment":[{"href":"https:\/\/prensapresidencialvenezuela.gob.ve\/index.php\/wp-json\/wp\/v2\/media?parent=11140"}],"wp:term":[{"taxonomy":"category","embeddable":true,"href":"https:\/\/prensapresidencialvenezuela.gob.ve\/index.php\/wp-json\/wp\/v2\/categories?post=11140"},{"taxonomy":"post_tag","embeddable":true,"href":"https:\/\/prensapresidencialvenezuela.gob.ve\/index.php\/wp-json\/wp\/v2\/tags?post=11140"}],"curies":[{"name":"wp","href":"https:\/\/api.w.org\/{rel}","templated":true}]}}