{"id":11145,"date":"2024-05-19T12:51:33","date_gmt":"2024-05-19T16:51:33","guid":{"rendered":"http:\/\/172.27.0.121\/?p=11145"},"modified":"2024-05-22T12:52:58","modified_gmt":"2024-05-22T16:52:58","slug":"jefe-de-estado-rechaza-actitud-vergonzosa-de-milei-en-su-visita-a-madrid","status":"publish","type":"post","link":"https:\/\/prensapresidencialvenezuela.gob.ve\/index.php\/2024\/05\/19\/jefe-de-estado-rechaza-actitud-vergonzosa-de-milei-en-su-visita-a-madrid\/","title":{"rendered":"Jefe de Estado rechaza actitud vergonzosa de Milei en su visita a Madrid"},"content":{"rendered":"\n<p><strong>Palacio de Miraflores, Caracas.- <\/strong>El presidente de la Rep\u00fablica, Nicol\u00e1s Maduro, calific\u00f3 como vergonzosa la actitud del mandatario argentino, Javier Milei, ante los se\u00f1alamientos que emiti\u00f3 contra la esposa del presidente del gobierno de Espa\u00f1a, Pedro S\u00e1nchez.<\/p>\n\n\n\n<p>\u00ab(Javier) Milei es una verg\u00fcenza, eso es una cosa que solo lo podr\u00eda hacer Milei o Hitler (&#8230;) insultar al presidente de ese pa\u00eds, insultar a la <a><\/a>esposa, sencillamente es una verg\u00fcenza, es una desfachatez no tiene l\u00edmites, es un acto de locura\u201d, apunt\u00f3 el Mandatario.<\/p>\n\n\n\n<p>En el contexto de su estad\u00eda en Madrid, donde asisti\u00f3 al encuentro Viva24, organizado por el partido de ultraderecha Vox, Javier Milei se refiri\u00f3 a Bego\u00f1a G\u00f3mez, esposa del presidente del gobierno espa\u00f1ol, Pedro S\u00e1nchez, como \u00abmujer corrupta\u00bb.<\/p>\n\n\n\n<p>Ante estas declaraciones, el gobierno espa\u00f1ol exigi\u00f3 disculpas p\u00fablicas y se\u00f1al\u00f3 que de no producirse, adoptar\u00e1n las medidas que consideren oportunas para defender la soberan\u00eda\u00bb.<\/p>\n\n\n\n<p>Previamente, Espa\u00f1a llam\u00f3 a consulta a su embajadora en Buenos Aires a ra\u00edz de las \u00abgrav\u00edsimas\u00bb declaraciones del mandatario argentino.<\/p>\n\n\n\n<p><strong>Prensa Presidencial \/ Joelin Jim\u00e9nez<\/strong><\/p>\n","protected":false},"excerpt":{"rendered":"<p>Palacio de Miraflores, Caracas.- El presidente de la Rep\u00fablica, Nicol\u00e1s Maduro, calific\u00f3 como vergonzosa la actitud del mandatario argentino, Javier Milei, ante los se\u00f1alamientos que emiti\u00f3 contra la esposa del presidente del gobierno de Espa\u00f1a, Pedro S\u00e1nchez. \u00ab(Javier) Milei es una verg\u00fcenza, eso es una cosa que solo lo podr\u00eda hacer Milei o Hitler (&#8230;) [&hellip;]<\/p>\n","protected":false},"author":6,"featured_media":10831,"comment_status":"open","ping_status":"open","sticky":false,"template":"","format":"standard","meta":{"footnotes":""},"categories":[18,7],"tags":[],"class_list":["post-11145","post","type-post","status-publish","format-standard","has-post-thumbnail","hentry","category-noticias-principales","category-notas-de-prensa"],"_links":{"self":[{"href":"https:\/\/prensapresidencialvenezuela.gob.ve\/index.php\/wp-json\/wp\/v2\/posts\/11145","targetHints":{"allow":["GET"]}}],"collection":[{"href":"https:\/\/prensapresidencialvenezuela.gob.ve\/index.php\/wp-json\/wp\/v2\/posts"}],"about":[{"href":"https:\/\/prensapresidencialvenezuela.gob.ve\/index.php\/wp-json\/wp\/v2\/types\/post"}],"author":[{"embeddable":true,"href":"https:\/\/prensapresidencialvenezuela.gob.ve\/index.php\/wp-json\/wp\/v2\/users\/6"}],"replies":[{"embeddable":true,"href":"https:\/\/prensapresidencialvenezuela.gob.ve\/index.php\/wp-json\/wp\/v2\/comments?post=11145"}],"version-history":[{"count":1,"href":"https:\/\/prensapresidencialvenezuela.gob.ve\/index.php\/wp-json\/wp\/v2\/posts\/11145\/revisions"}],"predecessor-version":[{"id":11146,"href":"https:\/\/prensapresidencialvenezuela.gob.ve\/index.php\/wp-json\/wp\/v2\/posts\/11145\/revisions\/11146"}],"wp:featuredmedia":[{"embeddable":true,"href":"https:\/\/prensapresidencialvenezuela.gob.ve\/index.php\/wp-json\/wp\/v2\/media\/10831"}],"wp:attachment":[{"href":"https:\/\/prensapresidencialvenezuela.gob.ve\/index.php\/wp-json\/wp\/v2\/media?parent=11145"}],"wp:term":[{"taxonomy":"category","embeddable":true,"href":"https:\/\/prensapresidencialvenezuela.gob.ve\/index.php\/wp-json\/wp\/v2\/categories?post=11145"},{"taxonomy":"post_tag","embeddable":true,"href":"https:\/\/prensapresidencialvenezuela.gob.ve\/index.php\/wp-json\/wp\/v2\/tags?post=11145"}],"curies":[{"name":"wp","href":"https:\/\/api.w.org\/{rel}","templated":true}]}}