{"id":11150,"date":"2024-05-20T12:54:47","date_gmt":"2024-05-20T16:54:47","guid":{"rendered":"http:\/\/172.27.0.121\/?p=11150"},"modified":"2024-05-22T12:55:45","modified_gmt":"2024-05-22T16:55:45","slug":"venezuela-envia-abrazo-de-solidaridad-al-pueblo-valiente-y-heroico-de-iran","status":"publish","type":"post","link":"https:\/\/prensapresidencialvenezuela.gob.ve\/index.php\/2024\/05\/20\/venezuela-envia-abrazo-de-solidaridad-al-pueblo-valiente-y-heroico-de-iran\/","title":{"rendered":"Venezuela env\u00eda abrazo de solidaridad al pueblo valiente y heroico de Ir\u00e1n"},"content":{"rendered":"\n<p><strong>Palacio de Miraflores, Caracas.-<\/strong> El presidente de la Rep\u00fablica Bolivariana de Venezuela, Nicol\u00e1s Maduro Moros, inform\u00f3, durante su programa \u201cCon Maduro +\u201d, que sostuvo una llamada telef\u00f3nica con el presidente interino de Ir\u00e1n, Mohammad Mokhber.<\/p>\n\n\n\n<p>\u201cHoy tuve una conversaci\u00f3n con el presidente interino de la Rep\u00fablica Isl\u00e1mica de Ir\u00e1n, le transmit\u00ed a mi hermano, Mohammad Mokhber, y al L\u00edder Supremo -de la <a><\/a>Revoluci\u00f3n Isl\u00e1mica de Ir\u00e1n- el ayatol\u00e1 Seyed Al\u00ed Jameini, las condolencias de nuestro pueblo, el sentimiento profundo de nuestro pueblo de solidaridad con el pueblo valiente y heroico de Ir\u00e1n, con la familia de nuestro amigo, nuestro hermano el presidente Ebrahim Raisi que parti\u00f3 a la eternidad\u201d, expres\u00f3.<\/p>\n\n\n\n<p>Asimismo, destac\u00f3 que desde que se dieron las primeras informaciones \u201ctuvimos horas, ayer domingo, verdaderamente de tensi\u00f3n, de angustia, de preocupaci\u00f3n\u201d y ya pasada la noche en Venezuela fue \u201cde dolor recordando cada momento que vivimos de esta relaci\u00f3n virtuosa con el presidente Ebrahim Raisi\u201d.<\/p>\n\n\n\n<p>\u201cLe transmit\u00ed a nombre de Cilia Flores, de nuestra familia, a la esposa (Jamileh-Sadat Alamolhoda) del presidente Ebrahim Raisi, a sus hijas que recibieron tambi\u00e9n a Cilia en nuestra visita all\u00e1 a Ir\u00e1n y que estuvieron presentes ac\u00e1 en la visita que nos hizo el presidente Ebrahim Raisi, las condolencias y el abrazo profundo de hermanos\u201d, detall\u00f3.<\/p>\n\n\n\n<p>El Jefe de Estado venezolano a\u00f1adi\u00f3 que \u201ccon Ir\u00e1n no solo podemos decir que somos amigos, que somos aliados, \u00a1no!, con Ir\u00e1n, hoy podemos decir somos pueblos hermanos y como pueblos hermanos, nuestra solidaridad y todo el apoyo\u201d.<\/p>\n\n\n\n<p>\u201cPresidente Ebrahim Raisi, donde usted est\u00e9, aqu\u00ed tenga la confianza que Venezuela seguir\u00e1 en batalla en victoria, unido al pueblo de Ir\u00e1n\u201d, apunt\u00f3.<\/p>\n\n\n\n<p>En contexto, el presidente de la Rep\u00fablica Isl\u00e1mica de Ir\u00e1n, Ebrahim Raisi, falleci\u00f3 producto del un accidente que sufri\u00f3 el domingo 19 de mayo, en el helic\u00f3ptero en que viajaba, cerca de la frontera con Azerbaiy\u00e1n.<\/p>\n\n\n\n<p><strong>Prensa Presidencial \/ Eduardo Hueck<\/strong><\/p>\n","protected":false},"excerpt":{"rendered":"<p>Palacio de Miraflores, Caracas.- El presidente de la Rep\u00fablica Bolivariana de Venezuela, Nicol\u00e1s Maduro Moros, inform\u00f3, durante su programa \u201cCon Maduro +\u201d, que sostuvo una llamada telef\u00f3nica con el presidente interino de Ir\u00e1n, Mohammad Mokhber. \u201cHoy tuve una conversaci\u00f3n con el presidente interino de la Rep\u00fablica Isl\u00e1mica de Ir\u00e1n, le transmit\u00ed a mi hermano, Mohammad [&hellip;]<\/p>\n","protected":false},"author":6,"featured_media":11151,"comment_status":"open","ping_status":"open","sticky":false,"template":"","format":"standard","meta":{"footnotes":""},"categories":[18,7],"tags":[],"class_list":["post-11150","post","type-post","status-publish","format-standard","has-post-thumbnail","hentry","category-noticias-principales","category-notas-de-prensa"],"_links":{"self":[{"href":"https:\/\/prensapresidencialvenezuela.gob.ve\/index.php\/wp-json\/wp\/v2\/posts\/11150","targetHints":{"allow":["GET"]}}],"collection":[{"href":"https:\/\/prensapresidencialvenezuela.gob.ve\/index.php\/wp-json\/wp\/v2\/posts"}],"about":[{"href":"https:\/\/prensapresidencialvenezuela.gob.ve\/index.php\/wp-json\/wp\/v2\/types\/post"}],"author":[{"embeddable":true,"href":"https:\/\/prensapresidencialvenezuela.gob.ve\/index.php\/wp-json\/wp\/v2\/users\/6"}],"replies":[{"embeddable":true,"href":"https:\/\/prensapresidencialvenezuela.gob.ve\/index.php\/wp-json\/wp\/v2\/comments?post=11150"}],"version-history":[{"count":1,"href":"https:\/\/prensapresidencialvenezuela.gob.ve\/index.php\/wp-json\/wp\/v2\/posts\/11150\/revisions"}],"predecessor-version":[{"id":11152,"href":"https:\/\/prensapresidencialvenezuela.gob.ve\/index.php\/wp-json\/wp\/v2\/posts\/11150\/revisions\/11152"}],"wp:featuredmedia":[{"embeddable":true,"href":"https:\/\/prensapresidencialvenezuela.gob.ve\/index.php\/wp-json\/wp\/v2\/media\/11151"}],"wp:attachment":[{"href":"https:\/\/prensapresidencialvenezuela.gob.ve\/index.php\/wp-json\/wp\/v2\/media?parent=11150"}],"wp:term":[{"taxonomy":"category","embeddable":true,"href":"https:\/\/prensapresidencialvenezuela.gob.ve\/index.php\/wp-json\/wp\/v2\/categories?post=11150"},{"taxonomy":"post_tag","embeddable":true,"href":"https:\/\/prensapresidencialvenezuela.gob.ve\/index.php\/wp-json\/wp\/v2\/tags?post=11150"}],"curies":[{"name":"wp","href":"https:\/\/api.w.org\/{rel}","templated":true}]}}