{"id":11156,"date":"2024-05-20T13:00:35","date_gmt":"2024-05-20T17:00:35","guid":{"rendered":"http:\/\/172.27.0.121\/?p=11156"},"modified":"2024-05-22T13:02:10","modified_gmt":"2024-05-22T17:02:10","slug":"los-brics-es-el-mundo-nuevo-sin-hegemonismos","status":"publish","type":"post","link":"https:\/\/prensapresidencialvenezuela.gob.ve\/index.php\/2024\/05\/20\/los-brics-es-el-mundo-nuevo-sin-hegemonismos\/","title":{"rendered":"Los BRICS, es el mundo nuevo sin hegemonismos"},"content":{"rendered":"\n<p><strong>Palacio de Miraflores, Caracas.-<\/strong> El presidente de la Rep\u00fablica Bolivariana de Venezuela, Nicol\u00e1s Maduro, asever\u00f3 que los Brics son los nuevos bloques de poder que visualizaron Bol\u00edvar y Ch\u00e1vez como equilibrio del universo.<\/p>\n\n\n\n<p>Durante su programa n\u00famero 46 \u201cCon Maduro +\u00bb indic\u00f3 que Venezuela est\u00e1 en el camino del ingreso y la articulaci\u00f3n org\u00e1nica con las nuevas potencias del mundo, para hacer un mejor lugar en todo el planeta donde se pueda <a><\/a>vivir mejor.<\/p>\n\n\n\n<p>\u201cYo aspiro que en la Cumbre de Mosc\u00fa y luego de la gran victoria que ganaremos el venidero 28 de julio, entremos como socios directos de la Am\u00e9rica del Sur en los BRICS. Venezuela est\u00e1 en ese camino para entrar como socios directos, y eso lo vamos a ver\u201d, as\u00ed como \u201ctambi\u00e9n vamos a ver que la Comunidad de Estados Latinoamericanos y Caribe\u00f1os, CELAC, avance a constituirse en una Confederaci\u00f3n de Pa\u00edses y Estados de Am\u00e9rica Latina\u201d.<\/p>\n\n\n\n<p>El Dignatario nacional agreg\u00f3 que los documentos est\u00e1n listos para crear un bloque permanente entre la Comunidad de Estados Latinoamericanos y Caribe\u00f1os CELAC y los BRICS y as\u00ed avanzar hacia un futuro unificado en uni\u00f3n de los Brics y la CELAC, que ser\u00e1 \u201cun proyecto anti-colonizador y anti-imperialista, porque los BRICS ser\u00e1n el mundo nuevo sin hegemonismos\u201d.<\/p>\n\n\n\n<p><strong>Prensa Presidencial \/ Orlando Ruiz<\/strong><\/p>\n","protected":false},"excerpt":{"rendered":"<p>Palacio de Miraflores, Caracas.- El presidente de la Rep\u00fablica Bolivariana de Venezuela, Nicol\u00e1s Maduro, asever\u00f3 que los Brics son los nuevos bloques de poder que visualizaron Bol\u00edvar y Ch\u00e1vez como equilibrio del universo. Durante su programa n\u00famero 46 \u201cCon Maduro +\u00bb indic\u00f3 que Venezuela est\u00e1 en el camino del ingreso y la articulaci\u00f3n org\u00e1nica con [&hellip;]<\/p>\n","protected":false},"author":6,"featured_media":11157,"comment_status":"open","ping_status":"open","sticky":false,"template":"","format":"standard","meta":{"footnotes":""},"categories":[18,7],"tags":[],"class_list":["post-11156","post","type-post","status-publish","format-standard","has-post-thumbnail","hentry","category-noticias-principales","category-notas-de-prensa"],"_links":{"self":[{"href":"https:\/\/prensapresidencialvenezuela.gob.ve\/index.php\/wp-json\/wp\/v2\/posts\/11156","targetHints":{"allow":["GET"]}}],"collection":[{"href":"https:\/\/prensapresidencialvenezuela.gob.ve\/index.php\/wp-json\/wp\/v2\/posts"}],"about":[{"href":"https:\/\/prensapresidencialvenezuela.gob.ve\/index.php\/wp-json\/wp\/v2\/types\/post"}],"author":[{"embeddable":true,"href":"https:\/\/prensapresidencialvenezuela.gob.ve\/index.php\/wp-json\/wp\/v2\/users\/6"}],"replies":[{"embeddable":true,"href":"https:\/\/prensapresidencialvenezuela.gob.ve\/index.php\/wp-json\/wp\/v2\/comments?post=11156"}],"version-history":[{"count":1,"href":"https:\/\/prensapresidencialvenezuela.gob.ve\/index.php\/wp-json\/wp\/v2\/posts\/11156\/revisions"}],"predecessor-version":[{"id":11158,"href":"https:\/\/prensapresidencialvenezuela.gob.ve\/index.php\/wp-json\/wp\/v2\/posts\/11156\/revisions\/11158"}],"wp:featuredmedia":[{"embeddable":true,"href":"https:\/\/prensapresidencialvenezuela.gob.ve\/index.php\/wp-json\/wp\/v2\/media\/11157"}],"wp:attachment":[{"href":"https:\/\/prensapresidencialvenezuela.gob.ve\/index.php\/wp-json\/wp\/v2\/media?parent=11156"}],"wp:term":[{"taxonomy":"category","embeddable":true,"href":"https:\/\/prensapresidencialvenezuela.gob.ve\/index.php\/wp-json\/wp\/v2\/categories?post=11156"},{"taxonomy":"post_tag","embeddable":true,"href":"https:\/\/prensapresidencialvenezuela.gob.ve\/index.php\/wp-json\/wp\/v2\/tags?post=11156"}],"curies":[{"name":"wp","href":"https:\/\/api.w.org\/{rel}","templated":true}]}}