{"id":11174,"date":"2024-05-20T13:10:41","date_gmt":"2024-05-20T17:10:41","guid":{"rendered":"http:\/\/172.27.0.121\/?p=11174"},"modified":"2024-05-22T13:13:35","modified_gmt":"2024-05-22T17:13:35","slug":"poder-popular-organizado-se-fortalece-movilizado-con-la-revolucion-en-las-calles","status":"publish","type":"post","link":"https:\/\/prensapresidencialvenezuela.gob.ve\/index.php\/2024\/05\/20\/poder-popular-organizado-se-fortalece-movilizado-con-la-revolucion-en-las-calles\/","title":{"rendered":"Poder Popular Organizado se fortalece movilizado con la Revoluci\u00f3n en las calles"},"content":{"rendered":"\n<p><strong>Palacio de Miraflores, Caracas.-<\/strong> Desde la secci\u00f3n Con Maduro + Pueblo, el Presidente de la Rep\u00fablica Bolivariana de Venezuela, Nicol\u00e1s Maduro, destac\u00f3 la capacidad organizativa del Poder Popular para movilizarse en cada regi\u00f3n a la que visita.<\/p>\n\n\n\n<p>\u201cImpresionante la capacidad de autoconvocarse en todo el pa\u00eds\u201d, apunt\u00f3.<\/p>\n\n\n\n<p><a><\/a>Desde el estudio comparti\u00f3 con la audiencia las im\u00e1genes y testimonios de la multitud, desde Cocorote y San Felipe en el estado Yaracuy; y del Guamache municipio Antonio D\u00edaz, en la Isla de Margarita, en donde se realizaron grandes movilizaciones que pretendieron ser silenciadas en redes sociales.<\/p>\n\n\n\n<p>\u201cTambi\u00e9n en el estado Miranda en el municipio en Charallave, una belleza la de Charallave fue una cosa as\u00ed como de una pel\u00edcula pues, no s\u00e9 cu\u00e1nta gente hab\u00eda ah\u00ed miles. En el estado Aragua en La Victoria el s\u00e1bado. Espectacular la movilizaci\u00f3n. Trataron de taparla porque ese es el m\u00e9todo, censurarnos, taparnos. No existimos, pues Ellos exageran una cosa puesta en escena, tipo show. Pero lo que no es show ni comiquita es el pueblo chavista en la calle. Eso no es show ni comiquita. Eso s\u00ed es gente\u201d, agreg\u00f3.<\/p>\n\n\n\n<p>Ratific\u00f3 que continuar la movilizaci\u00f3n en las calles y en cada comunidad es fundamental, para hacer frente al cerco medi\u00e1tico, adem\u00e1s es la l\u00ednea de acci\u00f3n principal de cara a los comicios del pr\u00f3ximo 28 de julio.<\/p>\n\n\n\n<p>\u201cLa estrategia y la orden est\u00e1 dada, la movilizaci\u00f3n del pueblo organizado, de manera unitaria convocante, envolvente, en lo local, en el barrio, en la zona, en la parroquia y despu\u00e9s subiremos al municipio, pero vamos por zonas primero acumulando fuerza, movilizando fuerza el Partido Socialista Unido de Venezuela, todas sus jefes jefas de calle, comunidad, UBCH activado\u201d, indic\u00f3.<\/p>\n\n\n\n<p>Llam\u00f3 a todas las organizaciones como la Unidad Popular Venezolana (UPV), Tupamaros, Gran Polo Patri\u00f3tico y al Movimiento Futuro a coordinarse y activarse en todas las movilizaciones.<\/p>\n\n\n\n<p>\u201cPorque estaba en el Guamache un poco de muchachos con banderas que dec\u00edan futuro, est\u00e1n surgiendo de las catacumbas el Movimiento Futuro y todos los movimientos sociales, culturales, colectivos\u201d, puntualiz\u00f3.<\/p>\n\n\n\n<p><strong>Prensa Presidencial \/ Mar\u00eda Mercedes Noguera<\/strong><\/p>\n","protected":false},"excerpt":{"rendered":"<p>Palacio de Miraflores, Caracas.- Desde la secci\u00f3n Con Maduro + Pueblo, el Presidente de la Rep\u00fablica Bolivariana de Venezuela, Nicol\u00e1s Maduro, destac\u00f3 la capacidad organizativa del Poder Popular para movilizarse en cada regi\u00f3n a la que visita. \u201cImpresionante la capacidad de autoconvocarse en todo el pa\u00eds\u201d, apunt\u00f3. Desde el estudio comparti\u00f3 con la audiencia las [&hellip;]<\/p>\n","protected":false},"author":6,"featured_media":11175,"comment_status":"open","ping_status":"open","sticky":false,"template":"","format":"standard","meta":{"footnotes":""},"categories":[18,7],"tags":[],"class_list":["post-11174","post","type-post","status-publish","format-standard","has-post-thumbnail","hentry","category-noticias-principales","category-notas-de-prensa"],"_links":{"self":[{"href":"https:\/\/prensapresidencialvenezuela.gob.ve\/index.php\/wp-json\/wp\/v2\/posts\/11174","targetHints":{"allow":["GET"]}}],"collection":[{"href":"https:\/\/prensapresidencialvenezuela.gob.ve\/index.php\/wp-json\/wp\/v2\/posts"}],"about":[{"href":"https:\/\/prensapresidencialvenezuela.gob.ve\/index.php\/wp-json\/wp\/v2\/types\/post"}],"author":[{"embeddable":true,"href":"https:\/\/prensapresidencialvenezuela.gob.ve\/index.php\/wp-json\/wp\/v2\/users\/6"}],"replies":[{"embeddable":true,"href":"https:\/\/prensapresidencialvenezuela.gob.ve\/index.php\/wp-json\/wp\/v2\/comments?post=11174"}],"version-history":[{"count":1,"href":"https:\/\/prensapresidencialvenezuela.gob.ve\/index.php\/wp-json\/wp\/v2\/posts\/11174\/revisions"}],"predecessor-version":[{"id":11176,"href":"https:\/\/prensapresidencialvenezuela.gob.ve\/index.php\/wp-json\/wp\/v2\/posts\/11174\/revisions\/11176"}],"wp:featuredmedia":[{"embeddable":true,"href":"https:\/\/prensapresidencialvenezuela.gob.ve\/index.php\/wp-json\/wp\/v2\/media\/11175"}],"wp:attachment":[{"href":"https:\/\/prensapresidencialvenezuela.gob.ve\/index.php\/wp-json\/wp\/v2\/media?parent=11174"}],"wp:term":[{"taxonomy":"category","embeddable":true,"href":"https:\/\/prensapresidencialvenezuela.gob.ve\/index.php\/wp-json\/wp\/v2\/categories?post=11174"},{"taxonomy":"post_tag","embeddable":true,"href":"https:\/\/prensapresidencialvenezuela.gob.ve\/index.php\/wp-json\/wp\/v2\/tags?post=11174"}],"curies":[{"name":"wp","href":"https:\/\/api.w.org\/{rel}","templated":true}]}}