{"id":11191,"date":"2024-05-22T19:31:01","date_gmt":"2024-05-22T23:31:01","guid":{"rendered":"http:\/\/172.27.0.121\/?p=11191"},"modified":"2024-05-22T19:31:03","modified_gmt":"2024-05-22T23:31:03","slug":"gobierno-bolivariano-restaura-la-casona-ibarra-de-la-ucv-para-el-encuentro-estudiantil","status":"publish","type":"post","link":"https:\/\/prensapresidencialvenezuela.gob.ve\/index.php\/2024\/05\/22\/gobierno-bolivariano-restaura-la-casona-ibarra-de-la-ucv-para-el-encuentro-estudiantil\/","title":{"rendered":"Gobierno Bolivariano restaura la Casona Ibarra de la UCV para el encuentro estudiantil"},"content":{"rendered":"\n<p><strong>Municipio Sucre, estado Miranda.- <\/strong>Con el objetivo de congregar a la comunidad estudiantil universitaria y promover los valores de la educaci\u00f3n y cultura, el presidente de la Rep\u00fablica Bolivariana de Venezuela, Nicol\u00e1s Maduro, entreg\u00f3 este mi\u00e9rcoles la Casona Ibarra de la Universidad Central de Venezuela (UCV) totalmente restaurada.<\/p>\n\n\n\n<p>En la actividad dedicada a conocer los avances de las <a><\/a>Brigadas Comunitarias Militares de Educaci\u00f3n y Salud (Bricomiles), el Mandatario nacional explic\u00f3 que la Comisi\u00f3n Presidencial para la Recuperaci\u00f3n de la UCV, junto a la Misi\u00f3n Venezuela Bella, continuar\u00e1 recuperando toda la infraestructura universitaria del pa\u00eds.<\/p>\n\n\n\n<p>En ese sentido, el Jefe de Estado manifest\u00f3 al rector de la UCV, V\u00edctor Rago, \u201ctodo mi compromiso y todo nuestro compromiso rector, profesores, comunidad de la UCV, para completar la recuperaci\u00f3n y restauraci\u00f3n de todo el patrimonio f\u00edsico, cultural y arquitect\u00f3nico de la Universidad Central de Venezuela; y que la Universidad Central de Venezuela vuelva a brillar en la estela de las universidades p\u00fablicas de Venezuela y de Am\u00e9rica Latina y el Caribe\u201d.<\/p>\n\n\n\n<p>Desde la \u201cCasa que vence las sombras\u201d, la vicepresidenta de la Rep\u00fablica, Delcy Rodr\u00edguez, detall\u00f3 que estos trabajos de restauraci\u00f3n contemplan la intervenci\u00f3n total del techo con madera tra\u00edda de Upata, estado Bol\u00edvar.<\/p>\n\n\n\n<p>Igualmente, explic\u00f3 que los estudiantes podr\u00e1n disfrutar de salas de exposiciones para que conozcan la historia que existe entre las paredes y espacios de la Casona Ibarra, donde el Libertador Sim\u00f3n Bol\u00edvar, pas\u00f3 sus \u00faltimos tres a\u00f1os de vida; donde el doctor Jos\u00e9 Mar\u00eda Vargas, redact\u00f3 los estatutos de la universidad y el arquitecto m\u00e1s influyente de Venezuela, Carlos Ra\u00fal Villanueva, dise\u00f1\u00f3 su proyecto para la UCV.<\/p>\n\n\n\n<p>\u201cUna joya arquitect\u00f3nica que representa esta universidad y que presenta esta Casona Ibarra. Lo que eran las antiguas caballerizas, son hoy el recinto de los trece mil planos de la Universidad Central de Venezuela. Aqu\u00ed est\u00e1 la partida de nacimiento de la Universidad Central, pero est\u00e1n tambi\u00e9n sus planos de construcci\u00f3n\u201d, dijo.<\/p>\n\n\n\n<p>La Vicepresidenta inform\u00f3 que en la UCV se han recuperado 75 edificios y ha comenzado la \u00faltima fase de recuperaci\u00f3n de 25 edificios que faltan por intervenir.<\/p>\n\n\n\n<p>La presidenta de la Misi\u00f3n Venezuela Bella, Jacqueline Far\u00eda, precis\u00f3 que estudiantes venezolanos y del mundo entero podr\u00e1n acceder a las salas que ser\u00e1n equipadas para posibilitar el escaneo de planos del arquitecto Villanueva.<\/p>\n\n\n\n<p>\u201cEs un espacio privilegiado, un espacio para recorrerlo, para que sea narrado, para que vengamos aqu\u00ed y escuchemos, escuchemos las historias\u201d, resalt\u00f3 Faria.<\/p>\n\n\n\n<p>Con la restauraci\u00f3n de la Casona Ibarra, el Presidente llam\u00f3 a conservar los valores hist\u00f3ricos de la UCV en archivos digitalizados y recalc\u00f3 que continuar\u00e1 interviniendo las universidades del territorio venezolano.<\/p>\n\n\n\n<p><strong>Prensa Presidencial \/ Rosiris Ortega Ortiz<\/strong><\/p>\n","protected":false},"excerpt":{"rendered":"<p>Municipio Sucre, estado Miranda.- Con el objetivo de congregar a la comunidad estudiantil universitaria y promover los valores de la educaci\u00f3n y cultura, el presidente de la Rep\u00fablica Bolivariana de Venezuela, Nicol\u00e1s Maduro, entreg\u00f3 este mi\u00e9rcoles la Casona Ibarra de la Universidad Central de Venezuela (UCV) totalmente restaurada. En la actividad dedicada a conocer los [&hellip;]<\/p>\n","protected":false},"author":6,"featured_media":11192,"comment_status":"open","ping_status":"open","sticky":false,"template":"","format":"standard","meta":{"footnotes":""},"categories":[18,7],"tags":[],"class_list":["post-11191","post","type-post","status-publish","format-standard","has-post-thumbnail","hentry","category-noticias-principales","category-notas-de-prensa"],"_links":{"self":[{"href":"https:\/\/prensapresidencialvenezuela.gob.ve\/index.php\/wp-json\/wp\/v2\/posts\/11191","targetHints":{"allow":["GET"]}}],"collection":[{"href":"https:\/\/prensapresidencialvenezuela.gob.ve\/index.php\/wp-json\/wp\/v2\/posts"}],"about":[{"href":"https:\/\/prensapresidencialvenezuela.gob.ve\/index.php\/wp-json\/wp\/v2\/types\/post"}],"author":[{"embeddable":true,"href":"https:\/\/prensapresidencialvenezuela.gob.ve\/index.php\/wp-json\/wp\/v2\/users\/6"}],"replies":[{"embeddable":true,"href":"https:\/\/prensapresidencialvenezuela.gob.ve\/index.php\/wp-json\/wp\/v2\/comments?post=11191"}],"version-history":[{"count":1,"href":"https:\/\/prensapresidencialvenezuela.gob.ve\/index.php\/wp-json\/wp\/v2\/posts\/11191\/revisions"}],"predecessor-version":[{"id":11193,"href":"https:\/\/prensapresidencialvenezuela.gob.ve\/index.php\/wp-json\/wp\/v2\/posts\/11191\/revisions\/11193"}],"wp:featuredmedia":[{"embeddable":true,"href":"https:\/\/prensapresidencialvenezuela.gob.ve\/index.php\/wp-json\/wp\/v2\/media\/11192"}],"wp:attachment":[{"href":"https:\/\/prensapresidencialvenezuela.gob.ve\/index.php\/wp-json\/wp\/v2\/media?parent=11191"}],"wp:term":[{"taxonomy":"category","embeddable":true,"href":"https:\/\/prensapresidencialvenezuela.gob.ve\/index.php\/wp-json\/wp\/v2\/categories?post=11191"},{"taxonomy":"post_tag","embeddable":true,"href":"https:\/\/prensapresidencialvenezuela.gob.ve\/index.php\/wp-json\/wp\/v2\/tags?post=11191"}],"curies":[{"name":"wp","href":"https:\/\/api.w.org\/{rel}","templated":true}]}}