{"id":1122,"date":"2022-02-07T02:07:00","date_gmt":"2022-02-07T02:07:00","guid":{"rendered":"http:\/\/172.27.0.121\/?p=1122"},"modified":"2022-06-02T02:09:23","modified_gmt":"2022-06-02T02:09:23","slug":"presidente-maduro-ordena-reparacion-de-la-via-principal-la-yaguara-el-junquito","status":"publish","type":"post","link":"https:\/\/prensapresidencialvenezuela.gob.ve\/index.php\/2022\/02\/07\/presidente-maduro-ordena-reparacion-de-la-via-principal-la-yaguara-el-junquito\/","title":{"rendered":"Presidente Maduro ordena reparaci\u00f3n de la v\u00eda principal La Yaguara-El Junquito"},"content":{"rendered":"\n<p><strong>La Yaguara, Caracas.-<\/strong> Tras hacer un recorrido por la zona, el presidente de la Rep\u00fablica, Nicol\u00e1s Maduro, orden\u00f3 a la alcaldesa de Caracas, Carmen Teresa Mel\u00e9ndez, y al jefe de Gobierno de Distrito Capital, Nah\u00fam Fern\u00e1ndez, la reparaci\u00f3n de la arteria vial principal La Yaguara-El Junquito.<\/p>\n\n\n\n<p>\u201cVi la v\u00eda muy deteriorada, huecos que abrieron y los dejaron abandonados, entonces llam\u00e9 por radio a la Alcaldesa y llam\u00e9 a Nah\u00fam, me dieron una explicaci\u00f3n y les dije que en 24 horas tiene que estar reparada esa avenida principal para subir de La Yaguara-El Junquito\u201d, instruy\u00f3.<\/p>\n\n\n\n<p>El Mandatario nacional adem\u00e1s indic\u00f3 que Caracas est\u00e1 renaciendo de la mano del Gobierno Bolivariano.<\/p>\n\n\n\n<p>\u201cCaracas esta bonita \u2013dijo- las tres R perfectas aplicadas a Caracas: la resistencia, el renacimiento y la Revoluci\u00f3n que cambia todo, punto NETS, la Nueva \u00c9poca de Transici\u00f3n al Socialismo\u201d.<\/p>\n\n\n\n<p>Las palabras las ofreci\u00f3 el presidente Maduro durante su participaci\u00f3n en el Tercer Encuentro Nacional de los Consejos Productivos de las Trabajadoras y los Trabajadores, realizado en la ciudad capital.<\/p>\n\n\n\n<p><strong>Prensa Presidencial\/Bianca Borrero<\/strong><\/p>\n","protected":false},"excerpt":{"rendered":"<p>La Yaguara, Caracas.- Tras hacer un recorrido por la zona, el presidente de la Rep\u00fablica, Nicol\u00e1s Maduro, orden\u00f3 a la alcaldesa de Caracas, Carmen Teresa Mel\u00e9ndez, y al jefe de Gobierno de Distrito Capital, Nah\u00fam Fern\u00e1ndez, la reparaci\u00f3n de la arteria vial principal La Yaguara-El Junquito. \u201cVi la v\u00eda muy deteriorada, huecos que abrieron y [&hellip;]<\/p>\n","protected":false},"author":6,"featured_media":1123,"comment_status":"open","ping_status":"open","sticky":false,"template":"","format":"standard","meta":{"footnotes":""},"categories":[7],"tags":[],"class_list":["post-1122","post","type-post","status-publish","format-standard","has-post-thumbnail","hentry","category-notas-de-prensa"],"_links":{"self":[{"href":"https:\/\/prensapresidencialvenezuela.gob.ve\/index.php\/wp-json\/wp\/v2\/posts\/1122","targetHints":{"allow":["GET"]}}],"collection":[{"href":"https:\/\/prensapresidencialvenezuela.gob.ve\/index.php\/wp-json\/wp\/v2\/posts"}],"about":[{"href":"https:\/\/prensapresidencialvenezuela.gob.ve\/index.php\/wp-json\/wp\/v2\/types\/post"}],"author":[{"embeddable":true,"href":"https:\/\/prensapresidencialvenezuela.gob.ve\/index.php\/wp-json\/wp\/v2\/users\/6"}],"replies":[{"embeddable":true,"href":"https:\/\/prensapresidencialvenezuela.gob.ve\/index.php\/wp-json\/wp\/v2\/comments?post=1122"}],"version-history":[{"count":1,"href":"https:\/\/prensapresidencialvenezuela.gob.ve\/index.php\/wp-json\/wp\/v2\/posts\/1122\/revisions"}],"predecessor-version":[{"id":1124,"href":"https:\/\/prensapresidencialvenezuela.gob.ve\/index.php\/wp-json\/wp\/v2\/posts\/1122\/revisions\/1124"}],"wp:featuredmedia":[{"embeddable":true,"href":"https:\/\/prensapresidencialvenezuela.gob.ve\/index.php\/wp-json\/wp\/v2\/media\/1123"}],"wp:attachment":[{"href":"https:\/\/prensapresidencialvenezuela.gob.ve\/index.php\/wp-json\/wp\/v2\/media?parent=1122"}],"wp:term":[{"taxonomy":"category","embeddable":true,"href":"https:\/\/prensapresidencialvenezuela.gob.ve\/index.php\/wp-json\/wp\/v2\/categories?post=1122"},{"taxonomy":"post_tag","embeddable":true,"href":"https:\/\/prensapresidencialvenezuela.gob.ve\/index.php\/wp-json\/wp\/v2\/tags?post=1122"}],"curies":[{"name":"wp","href":"https:\/\/api.w.org\/{rel}","templated":true}]}}