{"id":11246,"date":"2024-05-24T13:41:00","date_gmt":"2024-05-24T17:41:00","guid":{"rendered":"http:\/\/172.27.0.121\/?p=11246"},"modified":"2024-05-27T13:42:31","modified_gmt":"2024-05-27T17:42:31","slug":"precio-del-dolar-es-el-mas-estable-desde-el-ano-2012","status":"publish","type":"post","link":"https:\/\/prensapresidencialvenezuela.gob.ve\/index.php\/2024\/05\/24\/precio-del-dolar-es-el-mas-estable-desde-el-ano-2012\/","title":{"rendered":"Precio del d\u00f3lar es el m\u00e1s estable desde el a\u00f1o 2012"},"content":{"rendered":"\n<p><strong>Ciudad Bol\u00edvar, estado Bol\u00edvar.- <\/strong>El presidente de la Rep\u00fablica Bolivariana de Venezuela, Nicol\u00e1s Maduro, afirm\u00f3 que la consolidaci\u00f3n de un nuevo sistema cambiario deslastrado de la renta petrolera ha estabilizado el precio del d\u00f3lar.<\/p>\n\n\n\n<p>Desde la empresa Conductores de Aluminio del Caron\u00ed (CABELUM), adscrita a la Corporaci\u00f3n Venezolana de Guayana (CVG), puntualiz\u00f3 que el precio del d\u00f3lar \u2013en los \u00faltimos siete meses- es el precio <a><\/a>m\u00e1s estable desde el a\u00f1o 2012.<\/p>\n\n\n\n<p>En tanto, factores que marcan la econom\u00eda como la desaceleraci\u00f3n de la inflaci\u00f3n registran \u00edndices positivos, pese a las maniobras externas para afectar la estabilidad nacional.<\/p>\n\n\n\n<p>\u201cHoy por hoy tenemos el margen de inflaci\u00f3n m\u00e1s baja en doce a\u00f1os y vamos a mejor al control absoluto del tema inflacionario con crecimiento econ\u00f3mico con estabilidad cambiaria, cada vez m\u00e1s baja. \u00a1Logro del pueblo, logro de la Revoluci\u00f3n!\u201d, enfatiz\u00f3.<\/p>\n\n\n\n<p><strong>Abastecimiento, el m\u00e1s alto en los \u00faltimos 21 a\u00f1os<\/strong><\/p>\n\n\n\n<p>Por otro lado, el Mandatario nacional precis\u00f3 que la proyecci\u00f3n de abastecimiento para el a\u00f1o en curso se perfila positiva, puesto que actualmente la producci\u00f3n nacional sigue en ascenso.<\/p>\n\n\n\n<p>\u201cVenezuela tiene los \u00edndices de abastecimiento m\u00e1s altos de los \u00faltimos 21 a\u00f1os, desde que se mide este \u00edndice en el pa\u00eds, con producci\u00f3n nacional y complemento tambi\u00e9n de importaciones (\u2026) Tenemos los niveles de abastecimiento m\u00e1s altos yo creo que -podemos decir- de los \u00faltimos 30 a\u00f1os en Venezuela con productos de calidad\u201d, destac\u00f3.<\/p>\n\n\n\n<p>Indic\u00f3 que los indicadores que repuntan en el pa\u00eds responden a una gran estrategia de trabajo ejecutada por el colectivo.<\/p>\n\n\n\n<p>\u201cLo que hemos logrado ha sido producto del esfuerzo colectivo, producto de los buenos planes, producto del trabajo mancomunado de los trabajadores, de las trabajadoras, de los empresarios que han cre\u00eddo en Venezuela de las empresarias, de los emprendedores, de las emprendedoras ha sido producto colectivo y nosotros tenemos que consolidar este camino de recuperaci\u00f3n, crecimiento econ\u00f3mico de un nuevo modelo independiente, soberano y diversificado\u201d, puntualiz\u00f3.<\/p>\n\n\n\n<p>En este contexto, el Dignatario llam\u00f3 a defender logros tan significativos como estos.<\/p>\n\n\n\n<p>\u201cHay que consolidar este camino, no le debemos nada a nadie, no le debo nada a nadie, no le debo favores a nadie porque he sido un presidente absolutamente independiente, no manipulable, no dependo de grupos econ\u00f3micos, de grupos pol\u00edticos, no dependo de nadie y podemos decir es un logro de todo un pa\u00eds nuestro pa\u00eds y nuestro pueblo\u201d, apunt\u00f3.<\/p>\n\n\n\n<p><strong>Prensa Presidencial \/ Mar\u00eda Mercedes Noguera<\/strong><\/p>\n","protected":false},"excerpt":{"rendered":"<p>Ciudad Bol\u00edvar, estado Bol\u00edvar.- El presidente de la Rep\u00fablica Bolivariana de Venezuela, Nicol\u00e1s Maduro, afirm\u00f3 que la consolidaci\u00f3n de un nuevo sistema cambiario deslastrado de la renta petrolera ha estabilizado el precio del d\u00f3lar. Desde la empresa Conductores de Aluminio del Caron\u00ed (CABELUM), adscrita a la Corporaci\u00f3n Venezolana de Guayana (CVG), puntualiz\u00f3 que el precio [&hellip;]<\/p>\n","protected":false},"author":6,"featured_media":11247,"comment_status":"open","ping_status":"open","sticky":false,"template":"","format":"standard","meta":{"footnotes":""},"categories":[18,7],"tags":[],"class_list":["post-11246","post","type-post","status-publish","format-standard","has-post-thumbnail","hentry","category-noticias-principales","category-notas-de-prensa"],"_links":{"self":[{"href":"https:\/\/prensapresidencialvenezuela.gob.ve\/index.php\/wp-json\/wp\/v2\/posts\/11246","targetHints":{"allow":["GET"]}}],"collection":[{"href":"https:\/\/prensapresidencialvenezuela.gob.ve\/index.php\/wp-json\/wp\/v2\/posts"}],"about":[{"href":"https:\/\/prensapresidencialvenezuela.gob.ve\/index.php\/wp-json\/wp\/v2\/types\/post"}],"author":[{"embeddable":true,"href":"https:\/\/prensapresidencialvenezuela.gob.ve\/index.php\/wp-json\/wp\/v2\/users\/6"}],"replies":[{"embeddable":true,"href":"https:\/\/prensapresidencialvenezuela.gob.ve\/index.php\/wp-json\/wp\/v2\/comments?post=11246"}],"version-history":[{"count":1,"href":"https:\/\/prensapresidencialvenezuela.gob.ve\/index.php\/wp-json\/wp\/v2\/posts\/11246\/revisions"}],"predecessor-version":[{"id":11248,"href":"https:\/\/prensapresidencialvenezuela.gob.ve\/index.php\/wp-json\/wp\/v2\/posts\/11246\/revisions\/11248"}],"wp:featuredmedia":[{"embeddable":true,"href":"https:\/\/prensapresidencialvenezuela.gob.ve\/index.php\/wp-json\/wp\/v2\/media\/11247"}],"wp:attachment":[{"href":"https:\/\/prensapresidencialvenezuela.gob.ve\/index.php\/wp-json\/wp\/v2\/media?parent=11246"}],"wp:term":[{"taxonomy":"category","embeddable":true,"href":"https:\/\/prensapresidencialvenezuela.gob.ve\/index.php\/wp-json\/wp\/v2\/categories?post=11246"},{"taxonomy":"post_tag","embeddable":true,"href":"https:\/\/prensapresidencialvenezuela.gob.ve\/index.php\/wp-json\/wp\/v2\/tags?post=11246"}],"curies":[{"name":"wp","href":"https:\/\/api.w.org\/{rel}","templated":true}]}}