{"id":11275,"date":"2024-05-27T15:20:52","date_gmt":"2024-05-27T19:20:52","guid":{"rendered":"http:\/\/172.27.0.121\/?p=11275"},"modified":"2024-05-27T15:20:53","modified_gmt":"2024-05-27T19:20:53","slug":"presidencialven-en-linea-n-58","status":"publish","type":"post","link":"https:\/\/prensapresidencialvenezuela.gob.ve\/index.php\/2024\/05\/27\/presidencialven-en-linea-n-58\/","title":{"rendered":"PresidencialVen en L\u00ednea | N\u00b0 58"},"content":{"rendered":"\n<p>Dar la batalla por la verdad, el desarrollo y el crecimiento econ\u00f3mico de Venezuela es la premisa del Gobierno Bolivariano de cara a los nuevos tiempos.<\/p>\n\n\n\n<p>Ent\u00e9rate de m\u00e1s en el reciente episodio de PresidencialVen en L\u00ednea.<\/p>\n\n\n\n<figure class=\"wp-block-audio\"><audio controls src=\"https:\/\/prensapresidencialvenezuela.gob.ve\/wp-content\/uploads\/2024\/05\/Presidencialven-N-58-1.mp3\"><\/audio><\/figure>\n","protected":false},"excerpt":{"rendered":"<p>Dar la batalla por la verdad, el desarrollo y el crecimiento econ\u00f3mico de Venezuela es la premisa del Gobierno Bolivariano de cara a los nuevos tiempos. Ent\u00e9rate de m\u00e1s en el reciente episodio de PresidencialVen en L\u00ednea.<\/p>\n","protected":false},"author":6,"featured_media":11035,"comment_status":"open","ping_status":"open","sticky":false,"template":"","format":"standard","meta":{"footnotes":""},"categories":[3],"tags":[],"class_list":["post-11275","post","type-post","status-publish","format-standard","has-post-thumbnail","hentry","category-contenido-de-audios"],"_links":{"self":[{"href":"https:\/\/prensapresidencialvenezuela.gob.ve\/index.php\/wp-json\/wp\/v2\/posts\/11275","targetHints":{"allow":["GET"]}}],"collection":[{"href":"https:\/\/prensapresidencialvenezuela.gob.ve\/index.php\/wp-json\/wp\/v2\/posts"}],"about":[{"href":"https:\/\/prensapresidencialvenezuela.gob.ve\/index.php\/wp-json\/wp\/v2\/types\/post"}],"author":[{"embeddable":true,"href":"https:\/\/prensapresidencialvenezuela.gob.ve\/index.php\/wp-json\/wp\/v2\/users\/6"}],"replies":[{"embeddable":true,"href":"https:\/\/prensapresidencialvenezuela.gob.ve\/index.php\/wp-json\/wp\/v2\/comments?post=11275"}],"version-history":[{"count":1,"href":"https:\/\/prensapresidencialvenezuela.gob.ve\/index.php\/wp-json\/wp\/v2\/posts\/11275\/revisions"}],"predecessor-version":[{"id":11278,"href":"https:\/\/prensapresidencialvenezuela.gob.ve\/index.php\/wp-json\/wp\/v2\/posts\/11275\/revisions\/11278"}],"wp:featuredmedia":[{"embeddable":true,"href":"https:\/\/prensapresidencialvenezuela.gob.ve\/index.php\/wp-json\/wp\/v2\/media\/11035"}],"wp:attachment":[{"href":"https:\/\/prensapresidencialvenezuela.gob.ve\/index.php\/wp-json\/wp\/v2\/media?parent=11275"}],"wp:term":[{"taxonomy":"category","embeddable":true,"href":"https:\/\/prensapresidencialvenezuela.gob.ve\/index.php\/wp-json\/wp\/v2\/categories?post=11275"},{"taxonomy":"post_tag","embeddable":true,"href":"https:\/\/prensapresidencialvenezuela.gob.ve\/index.php\/wp-json\/wp\/v2\/tags?post=11275"}],"curies":[{"name":"wp","href":"https:\/\/api.w.org\/{rel}","templated":true}]}}