{"id":11279,"date":"2024-05-20T15:23:52","date_gmt":"2024-05-20T19:23:52","guid":{"rendered":"http:\/\/172.27.0.121\/?p=11279"},"modified":"2024-05-27T15:33:41","modified_gmt":"2024-05-27T19:33:41","slug":"presidencialven-en-linea-n-57","status":"publish","type":"post","link":"https:\/\/prensapresidencialvenezuela.gob.ve\/index.php\/2024\/05\/20\/presidencialven-en-linea-n-57\/","title":{"rendered":"PresidencialVen en L\u00ednea | N\u00b0 57"},"content":{"rendered":"\n<p>Instrumentos legales afianzan las relaciones comerciales, dipl\u00f3maticas, cooperaci\u00f3n y complementariedad entre Venezuela y la Rep\u00fablica Popular China. Fue decretado 15 de mayo como D\u00eda de la Familia. Designado Equipo de Campa\u00f1a \u00abVenezuela Nuestra\u00bb.<\/p>\n\n\n\n<figure class=\"wp-block-audio\"><audio controls src=\"https:\/\/prensapresidencialvenezuela.gob.ve\/wp-content\/uploads\/2024\/05\/PresidencialVen-en-Linea-57.mp3\"><\/audio><\/figure>\n","protected":false},"excerpt":{"rendered":"<p>Instrumentos legales afianzan las relaciones comerciales, dipl\u00f3maticas, cooperaci\u00f3n y complementariedad entre Venezuela y la Rep\u00fablica Popular China. Fue decretado 15 de mayo como D\u00eda de la Familia. Designado Equipo de Campa\u00f1a \u00abVenezuela Nuestra\u00bb.<\/p>\n","protected":false},"author":6,"featured_media":11035,"comment_status":"open","ping_status":"open","sticky":false,"template":"","format":"standard","meta":{"footnotes":""},"categories":[3],"tags":[],"class_list":["post-11279","post","type-post","status-publish","format-standard","has-post-thumbnail","hentry","category-contenido-de-audios"],"_links":{"self":[{"href":"https:\/\/prensapresidencialvenezuela.gob.ve\/index.php\/wp-json\/wp\/v2\/posts\/11279","targetHints":{"allow":["GET"]}}],"collection":[{"href":"https:\/\/prensapresidencialvenezuela.gob.ve\/index.php\/wp-json\/wp\/v2\/posts"}],"about":[{"href":"https:\/\/prensapresidencialvenezuela.gob.ve\/index.php\/wp-json\/wp\/v2\/types\/post"}],"author":[{"embeddable":true,"href":"https:\/\/prensapresidencialvenezuela.gob.ve\/index.php\/wp-json\/wp\/v2\/users\/6"}],"replies":[{"embeddable":true,"href":"https:\/\/prensapresidencialvenezuela.gob.ve\/index.php\/wp-json\/wp\/v2\/comments?post=11279"}],"version-history":[{"count":1,"href":"https:\/\/prensapresidencialvenezuela.gob.ve\/index.php\/wp-json\/wp\/v2\/posts\/11279\/revisions"}],"predecessor-version":[{"id":11281,"href":"https:\/\/prensapresidencialvenezuela.gob.ve\/index.php\/wp-json\/wp\/v2\/posts\/11279\/revisions\/11281"}],"wp:featuredmedia":[{"embeddable":true,"href":"https:\/\/prensapresidencialvenezuela.gob.ve\/index.php\/wp-json\/wp\/v2\/media\/11035"}],"wp:attachment":[{"href":"https:\/\/prensapresidencialvenezuela.gob.ve\/index.php\/wp-json\/wp\/v2\/media?parent=11279"}],"wp:term":[{"taxonomy":"category","embeddable":true,"href":"https:\/\/prensapresidencialvenezuela.gob.ve\/index.php\/wp-json\/wp\/v2\/categories?post=11279"},{"taxonomy":"post_tag","embeddable":true,"href":"https:\/\/prensapresidencialvenezuela.gob.ve\/index.php\/wp-json\/wp\/v2\/tags?post=11279"}],"curies":[{"name":"wp","href":"https:\/\/api.w.org\/{rel}","templated":true}]}}