{"id":11289,"date":"2024-05-27T20:08:03","date_gmt":"2024-05-28T00:08:03","guid":{"rendered":"http:\/\/172.27.0.121\/?p=11289"},"modified":"2024-05-27T20:08:40","modified_gmt":"2024-05-28T00:08:40","slug":"estados-unidos-y-europa-atraviesan-etapa-de-la-decadencia","status":"publish","type":"post","link":"https:\/\/prensapresidencialvenezuela.gob.ve\/index.php\/2024\/05\/27\/estados-unidos-y-europa-atraviesan-etapa-de-la-decadencia\/","title":{"rendered":"Estados Unidos y Europa atraviesan etapa de la decadencia"},"content":{"rendered":"\n<p><strong>Palacio de Miraflores, Caracas.-<\/strong> \u201c(Benjam\u00edn) Netanyahu es el Herodes de esta \u00e9poca, que bombardea a los ni\u00f1os musulmanes, a los ni\u00f1os cristianos. \u00a1Terrible!, \u00bfNo? Que se pasa por encima de la Corte Internacional de Justicia. \u00bfY qu\u00e9 dice Estados Unidos? \u00bfY qu\u00e9 dice Europa? Callan, silencio genocida, silencio c\u00f3mplice de los Estados Unidos, de Europa, con uno de los genocidios transmitidos en vivo y directo m\u00e1s terrible que ha vivido la humanidad desde la \u00e9poca de Hitler\u201d.<\/p>\n\n\n\n<p>Estas palabras son parte de una disertaci\u00f3n que realiz\u00f3 el Jefe de Estado, Nicol\u00e1s Maduro, durante la conversaci\u00f3n que sostuvo con el polit\u00f3logo espa\u00f1ol Juan Carlos Monedero en su espacio televisivo \u201cCon Maduro +\u201d, en la edici\u00f3n n\u00famero 47.<\/p>\n\n\n\n<p>Al respecto, Monedero fustig\u00f3 el inactivo accionar de Europa frente a la masacre en Gaza.<\/p>\n\n\n\n<p>\u201cPresidente, que alguien en Europa tenga poder como lo tienen los presidentes de Espa\u00f1a, de Alemania, de Francia y no hagan todo lo que est\u00e9 en su mano para terminar con este horror, para m\u00ed los convierte en c\u00f3mplices de todos estos asesinatos\u201d, apunt\u00f3.<\/p>\n\n\n\n<p>Ante la decadencia del imperio estadounidense, destac\u00f3 la opini\u00f3n de sus colegas en ese pa\u00eds, que vislumbran una posible guerra civil.<\/p>\n\n\n\n<p>\u201cPolit\u00f3logos norteamericanos que hablan del riesgo de una guerra civil en ese pa\u00eds. Estados Unidos est\u00e1 en decadencia. Y los que mandan en Estados Unidos, que no es el pueblo, que son grandes empresas, muchas de ellas armament\u00edsticas\u201d, detall\u00f3 Monedero.<\/p>\n\n\n\n<p>En este contexto, en el que lo lucrativo se antepone a la vida, el presidente Nicol\u00e1s Maduro destac\u00f3 tambi\u00e9n el escenario de guerra entre Ucrania y Rusia, un lamentable contexto que, se\u00f1al\u00f3, pudo haberse evitado, puesto que exist\u00eda un pre acuerdo de paz.<\/p>\n\n\n\n<p>\u201c(&#8230;.) Listo para firmar y la orden del gobierno de Estados Unidos y de la \u00e9lite de la Uni\u00f3n Europea fue no se firma, vamos a derrotar a Rusia, vamos a invadir a Rusia y ah\u00ed est\u00e1n, ah\u00ed est\u00e1n con una guerra para justificar las grandes ganancias de las empresas armamentistas\u201d, sentenci\u00f3 el Mandatario.<\/p>\n\n\n\n<p>El polit\u00f3logo espa\u00f1ol agreg\u00f3 que la inhumanidad prela entre las \u00e9lites por sobre la vida humana, tal como lo expres\u00f3 \u201cel sinverg\u00fcenza de Denis Cameron que fue primer ministro de Inglaterra hace tres d\u00edas dijo: bienvenidas las muertes de los ucranianos porque la relaci\u00f3n calidad precio est\u00e1 muy bien, porque con un 10% de gasto militar hemos destruido el 50% del material b\u00e9lico ruso y sin perder una sola vida norteamericana\u201d.<\/p>\n\n\n\n<p>El Dignatario rechaz\u00f3 tales afirmaciones y las calific\u00f3 \u201ccomo una etapa miserable de la decadencia de los viejos imperios\u201d.<\/p>\n\n\n\n<p><strong>Prensa Presidencial \/ Mar\u00eda Mercedes Noguera<\/strong><\/p>\n","protected":false},"excerpt":{"rendered":"<p>Palacio de Miraflores, Caracas.- \u201c(Benjam\u00edn) Netanyahu es el Herodes de esta \u00e9poca, que bombardea a los ni\u00f1os musulmanes, a los ni\u00f1os cristianos. \u00a1Terrible!, \u00bfNo? Que se pasa por encima de la Corte Internacional de Justicia. \u00bfY qu\u00e9 dice Estados Unidos? \u00bfY qu\u00e9 dice Europa? Callan, silencio genocida, silencio c\u00f3mplice de los Estados Unidos, de Europa, [&hellip;]<\/p>\n","protected":false},"author":4,"featured_media":11290,"comment_status":"open","ping_status":"open","sticky":false,"template":"","format":"standard","meta":{"footnotes":""},"categories":[18,7],"tags":[30,19,27,20],"class_list":["post-11289","post","type-post","status-publish","format-standard","has-post-thumbnail","hentry","category-noticias-principales","category-notas-de-prensa","tag-destacado","tag-nicolas-maduro","tag-revolucion-bolivariana","tag-venezuela"],"_links":{"self":[{"href":"https:\/\/prensapresidencialvenezuela.gob.ve\/index.php\/wp-json\/wp\/v2\/posts\/11289","targetHints":{"allow":["GET"]}}],"collection":[{"href":"https:\/\/prensapresidencialvenezuela.gob.ve\/index.php\/wp-json\/wp\/v2\/posts"}],"about":[{"href":"https:\/\/prensapresidencialvenezuela.gob.ve\/index.php\/wp-json\/wp\/v2\/types\/post"}],"author":[{"embeddable":true,"href":"https:\/\/prensapresidencialvenezuela.gob.ve\/index.php\/wp-json\/wp\/v2\/users\/4"}],"replies":[{"embeddable":true,"href":"https:\/\/prensapresidencialvenezuela.gob.ve\/index.php\/wp-json\/wp\/v2\/comments?post=11289"}],"version-history":[{"count":1,"href":"https:\/\/prensapresidencialvenezuela.gob.ve\/index.php\/wp-json\/wp\/v2\/posts\/11289\/revisions"}],"predecessor-version":[{"id":11291,"href":"https:\/\/prensapresidencialvenezuela.gob.ve\/index.php\/wp-json\/wp\/v2\/posts\/11289\/revisions\/11291"}],"wp:featuredmedia":[{"embeddable":true,"href":"https:\/\/prensapresidencialvenezuela.gob.ve\/index.php\/wp-json\/wp\/v2\/media\/11290"}],"wp:attachment":[{"href":"https:\/\/prensapresidencialvenezuela.gob.ve\/index.php\/wp-json\/wp\/v2\/media?parent=11289"}],"wp:term":[{"taxonomy":"category","embeddable":true,"href":"https:\/\/prensapresidencialvenezuela.gob.ve\/index.php\/wp-json\/wp\/v2\/categories?post=11289"},{"taxonomy":"post_tag","embeddable":true,"href":"https:\/\/prensapresidencialvenezuela.gob.ve\/index.php\/wp-json\/wp\/v2\/tags?post=11289"}],"curies":[{"name":"wp","href":"https:\/\/api.w.org\/{rel}","templated":true}]}}