{"id":1131,"date":"2022-02-09T02:14:00","date_gmt":"2022-02-09T02:14:00","guid":{"rendered":"http:\/\/172.27.0.121\/?p=1131"},"modified":"2022-06-02T02:16:01","modified_gmt":"2022-06-02T02:16:01","slug":"cuatro-lideresas-asumen-despachos-de-pueblos-indigenas-pesca-salud-y-mujer","status":"publish","type":"post","link":"https:\/\/prensapresidencialvenezuela.gob.ve\/index.php\/2022\/02\/09\/cuatro-lideresas-asumen-despachos-de-pueblos-indigenas-pesca-salud-y-mujer\/","title":{"rendered":"Cuatro lideresas asumen despachos de Pueblos Ind\u00edgenas, Pesca, Salud y Mujer"},"content":{"rendered":"\n<p><strong>Palacio de Miraflores, Caracas.<\/strong>\u2013 Desde este mi\u00e9rcoles 9 de febrero, cuatro lideresas pasar\u00e1n a dirigir pol\u00edticas en los Ministerios del Poder Popular para la Mujer e Igualdad de G\u00e9nero, Pesca y Acuicultura, Pueblos Ind\u00edgenas y Salud, anunci\u00f3 el presidente de la Rep\u00fablica, Nicol\u00e1s Maduro.<\/p>\n\n\n\n<p>A trav\u00e9s de su cuenta en la red social Twitter, @NicolasMaduro, anunci\u00f3 la designaci\u00f3n de Diva Guzm\u00e1n como titular de Mujer e Igualdad de G\u00e9nero en sustituci\u00f3n de Margaud Godoy, recientemente nombrada como Embajadora de Venezuela en Honduras.<br>\u00abTodo mi apoyo y respaldo para seguir brind\u00e1ndole a nuestras hermanas, protecci\u00f3n y acompa\u00f1amiento\u00bb, recalc\u00f3 al extender sus buenos augurios para el cumplimiento de la responsabilidad.<\/p>\n\n\n\n<p>En la cartera de Pesca y Acuicultura estar\u00e1 Olga Luisa Figueroa en reemplazo de Juan Luis Laya. Al oficializar su designaci\u00f3n, el jefe de Estado instruy\u00f3 a seguir \u00abimpulsado los planes y las pol\u00edticas alimentarias del sector\u00bb.<\/p>\n\n\n\n<p>Por otro lado, la conducci\u00f3n del Ministerio del Poder Popular para Pueblos Ind\u00edgenas estar\u00e1 a cargo de Clara Vidal, quien ya ejerci\u00f3 el cargo en el a\u00f1o 2015.<\/p>\n\n\n\n<p>Esta nueva etapa se centrar\u00e1 en \u00abllevar a nuestras hermanas y hermanos originarios atenci\u00f3n integral\u00bb en aras de garantizar sus derechos fundamentales, subray\u00f3 el Dignatario.<\/p>\n\n\n\n<p>Finalmente, Magaly Guti\u00e9rrez, quien se desempe\u00f1ara como presidenta del Instituto Venezolano de los Seguros Sociales (IVSS), asumir\u00e1 la titularidad del Ministerio del Poder Popular para la Salud.<\/p>\n\n\n\n<p>\u00abDesde ahora en adelante tiene la importante misi\u00f3n de continuar con la lucha contra la pandemia. \u00a1Consolidemos el Sistema P\u00fablico Nacional de Salud gratuito y con m\u00e1xima calidad!\u00bb, orden\u00f3 el Mandatario nacional.<\/p>\n\n\n\n<p>Al t\u00e9rmino de los anuncios, el Presidente Maduro extendi\u00f3 su agradecimiento al doctor Carlos Alvarado, quien se manten\u00eda al frente del Ministerio de Salud desde el a\u00f1o 2018.<\/p>\n\n\n\n<p>\u00abMi agradecimiento especial a @AlvaradoC_Salud, por su extraordinaria y combativa labor que realiz\u00f3 en la primera l\u00ednea de batalla contra la Pandemia Covid-19. El pueblo venezolano reconoce tu compromiso, entrega y dedicaci\u00f3n. \u00a1Pronto vendr\u00e1n nuevas tareas!\u00bb, agreg\u00f3.<\/p>\n\n\n\n<p><strong>Prensa Presidencial\/Karelis Gonz\u00e1lez<\/strong><\/p>\n","protected":false},"excerpt":{"rendered":"<p>Palacio de Miraflores, Caracas.\u2013 Desde este mi\u00e9rcoles 9 de febrero, cuatro lideresas pasar\u00e1n a dirigir pol\u00edticas en los Ministerios del Poder Popular para la Mujer e Igualdad de G\u00e9nero, Pesca y Acuicultura, Pueblos Ind\u00edgenas y Salud, anunci\u00f3 el presidente de la Rep\u00fablica, Nicol\u00e1s Maduro. A trav\u00e9s de su cuenta en la red social Twitter, @NicolasMaduro, [&hellip;]<\/p>\n","protected":false},"author":6,"featured_media":1132,"comment_status":"open","ping_status":"open","sticky":false,"template":"","format":"standard","meta":{"footnotes":""},"categories":[7],"tags":[],"class_list":["post-1131","post","type-post","status-publish","format-standard","has-post-thumbnail","hentry","category-notas-de-prensa"],"_links":{"self":[{"href":"https:\/\/prensapresidencialvenezuela.gob.ve\/index.php\/wp-json\/wp\/v2\/posts\/1131","targetHints":{"allow":["GET"]}}],"collection":[{"href":"https:\/\/prensapresidencialvenezuela.gob.ve\/index.php\/wp-json\/wp\/v2\/posts"}],"about":[{"href":"https:\/\/prensapresidencialvenezuela.gob.ve\/index.php\/wp-json\/wp\/v2\/types\/post"}],"author":[{"embeddable":true,"href":"https:\/\/prensapresidencialvenezuela.gob.ve\/index.php\/wp-json\/wp\/v2\/users\/6"}],"replies":[{"embeddable":true,"href":"https:\/\/prensapresidencialvenezuela.gob.ve\/index.php\/wp-json\/wp\/v2\/comments?post=1131"}],"version-history":[{"count":1,"href":"https:\/\/prensapresidencialvenezuela.gob.ve\/index.php\/wp-json\/wp\/v2\/posts\/1131\/revisions"}],"predecessor-version":[{"id":1133,"href":"https:\/\/prensapresidencialvenezuela.gob.ve\/index.php\/wp-json\/wp\/v2\/posts\/1131\/revisions\/1133"}],"wp:featuredmedia":[{"embeddable":true,"href":"https:\/\/prensapresidencialvenezuela.gob.ve\/index.php\/wp-json\/wp\/v2\/media\/1132"}],"wp:attachment":[{"href":"https:\/\/prensapresidencialvenezuela.gob.ve\/index.php\/wp-json\/wp\/v2\/media?parent=1131"}],"wp:term":[{"taxonomy":"category","embeddable":true,"href":"https:\/\/prensapresidencialvenezuela.gob.ve\/index.php\/wp-json\/wp\/v2\/categories?post=1131"},{"taxonomy":"post_tag","embeddable":true,"href":"https:\/\/prensapresidencialvenezuela.gob.ve\/index.php\/wp-json\/wp\/v2\/tags?post=1131"}],"curies":[{"name":"wp","href":"https:\/\/api.w.org\/{rel}","templated":true}]}}