{"id":11329,"date":"2024-05-29T16:23:15","date_gmt":"2024-05-29T20:23:15","guid":{"rendered":"http:\/\/172.27.0.114\/?p=11329"},"modified":"2024-05-29T16:23:15","modified_gmt":"2024-05-29T20:23:15","slug":"presidente-nicolas-maduro-insta-a-la-unidad-plena-de-cara-a-las-elecciones-del-28-j","status":"publish","type":"post","link":"https:\/\/prensapresidencialvenezuela.gob.ve\/index.php\/2024\/05\/29\/presidente-nicolas-maduro-insta-a-la-unidad-plena-de-cara-a-las-elecciones-del-28-j\/","title":{"rendered":"Presidente Nicol\u00e1s Maduro insta a la unidad plena de cara a las elecciones del 28-J"},"content":{"rendered":"\n<p><strong>Municipio Andr\u00e9s Eloy Blanco, estado Lara.-<\/strong> Con las palabras \u00ab\u00a1Vamos a la uni\u00f3n nacional!\u00bb, el presidente de la Rep\u00fablica Bolivariana de Venezuela, Nicol\u00e1s Maduro, reiter\u00f3 la necesidad de profundizar la unificaci\u00f3n del pueblo \u2013en medio de la diversidad- de cara a las elecciones presidenciales del domingo 28 de julio.<\/p>\n\n\n\n<p>\u00abVamos a unir a todo el que pueda ser unido por amor a la Patria\u00bb, traz\u00f3 como <a><\/a>la l\u00ednea maestra de la campa\u00f1a electoral, prevista para el 4 de julio, y que est\u00e1 llamada a establecer la articulaci\u00f3n de las capacidades pol\u00edticas, ideol\u00f3gicas, log\u00edsticas y de movilizaci\u00f3n.<\/p>\n\n\n\n<p>A trav\u00e9s de un contacto telef\u00f3nico con el pueblo movilizado en el municipio Andr\u00e9s Eloy Blanco, ubicado en el estado Lara, el Jefe de Estado subray\u00f3 la relevancia del 1X10 como instrumento para aceitar la maquinaria que se desplegar\u00e1 el 28 de julio.<\/p>\n\n\n\n<p>En este sentido, puntualiz\u00f3 que la configuraci\u00f3n del nuevo 1X10 debe incluir a un nuevo votante, especialmente del sector de la juventud, y a un vecino o vecina que, en procesos electorales anteriores, haya otorgado su voto a candidatos de la oposici\u00f3n.<\/p>\n\n\n\n<p>Sobre este \u00faltimo caso, enfatiz\u00f3 que la invitaci\u00f3n debe apelar a la conciencia del elector, demostrando con hechos la falsedad de la oferta electoral de los representantes de la derecha. Igualmente, el mensaje debe priorizar la unidad en funci\u00f3n de consolidar la prosperidad de Venezuela.<\/p>\n\n\n\n<p>\u00ab\u00a1Vente con nosotros, vecino! Vamos a la uni\u00f3n nacional, los tiempos peores ya pasaron y vamos a un tiempo de esplendor, de mejor\u00eda. \u00a1Todo lo que viene es mejor!\u00bb, puntualiz\u00f3.<\/p>\n\n\n\n<p>Por otro lado, el mandatario venezolano exhort\u00f3 a los venezolanos a mantenerse alertas ante las maniobras de enga\u00f1o promovidas por sectores de la extrema derecha en el contexto de una estrategia de campa\u00f1a electoral.<\/p>\n\n\n\n<p>Ahora salen con su cara bien lavada a decir que quieren el voto (\u2026) Ni un voto para los vende Patria, ni un voto para los traidores a la Patria\u00bb, sentenci\u00f3.<\/p>\n\n\n\n<p><strong>Prensa Presidencial \/ Karelis Gonz\u00e1lez<\/strong><\/p>\n","protected":false},"excerpt":{"rendered":"<p>Municipio Andr\u00e9s Eloy Blanco, estado Lara.- Con las palabras \u00ab\u00a1Vamos a la uni\u00f3n nacional!\u00bb, el presidente de la Rep\u00fablica Bolivariana de Venezuela, Nicol\u00e1s Maduro, reiter\u00f3 la necesidad de profundizar la unificaci\u00f3n del pueblo \u2013en medio de la diversidad- de cara a las elecciones presidenciales del domingo 28 de julio. \u00abVamos a unir a todo el [&hellip;]<\/p>\n","protected":false},"author":4,"featured_media":11330,"comment_status":"open","ping_status":"open","sticky":false,"template":"","format":"standard","meta":{"footnotes":""},"categories":[18,7],"tags":[30,19,27,20],"class_list":["post-11329","post","type-post","status-publish","format-standard","has-post-thumbnail","hentry","category-noticias-principales","category-notas-de-prensa","tag-destacado","tag-nicolas-maduro","tag-revolucion-bolivariana","tag-venezuela"],"_links":{"self":[{"href":"https:\/\/prensapresidencialvenezuela.gob.ve\/index.php\/wp-json\/wp\/v2\/posts\/11329","targetHints":{"allow":["GET"]}}],"collection":[{"href":"https:\/\/prensapresidencialvenezuela.gob.ve\/index.php\/wp-json\/wp\/v2\/posts"}],"about":[{"href":"https:\/\/prensapresidencialvenezuela.gob.ve\/index.php\/wp-json\/wp\/v2\/types\/post"}],"author":[{"embeddable":true,"href":"https:\/\/prensapresidencialvenezuela.gob.ve\/index.php\/wp-json\/wp\/v2\/users\/4"}],"replies":[{"embeddable":true,"href":"https:\/\/prensapresidencialvenezuela.gob.ve\/index.php\/wp-json\/wp\/v2\/comments?post=11329"}],"version-history":[{"count":1,"href":"https:\/\/prensapresidencialvenezuela.gob.ve\/index.php\/wp-json\/wp\/v2\/posts\/11329\/revisions"}],"predecessor-version":[{"id":11331,"href":"https:\/\/prensapresidencialvenezuela.gob.ve\/index.php\/wp-json\/wp\/v2\/posts\/11329\/revisions\/11331"}],"wp:featuredmedia":[{"embeddable":true,"href":"https:\/\/prensapresidencialvenezuela.gob.ve\/index.php\/wp-json\/wp\/v2\/media\/11330"}],"wp:attachment":[{"href":"https:\/\/prensapresidencialvenezuela.gob.ve\/index.php\/wp-json\/wp\/v2\/media?parent=11329"}],"wp:term":[{"taxonomy":"category","embeddable":true,"href":"https:\/\/prensapresidencialvenezuela.gob.ve\/index.php\/wp-json\/wp\/v2\/categories?post=11329"},{"taxonomy":"post_tag","embeddable":true,"href":"https:\/\/prensapresidencialvenezuela.gob.ve\/index.php\/wp-json\/wp\/v2\/tags?post=11329"}],"curies":[{"name":"wp","href":"https:\/\/api.w.org\/{rel}","templated":true}]}}