{"id":1134,"date":"2022-02-09T02:16:00","date_gmt":"2022-02-09T02:16:00","guid":{"rendered":"http:\/\/172.27.0.121\/?p=1134"},"modified":"2022-06-02T02:18:22","modified_gmt":"2022-06-02T02:18:22","slug":"presidente-maduro-lidera-jornada-con-emprendedores-del-pais","status":"publish","type":"post","link":"https:\/\/prensapresidencialvenezuela.gob.ve\/index.php\/2022\/02\/09\/presidente-maduro-lidera-jornada-con-emprendedores-del-pais\/","title":{"rendered":"Presidente Maduro lidera jornada con emprendedores del pa\u00eds"},"content":{"rendered":"\n<p><strong>Plaza Bicentenario, Caracas.-<\/strong> El presidente de la Rep\u00fablica Bolivariana de Venezuela, Nicol\u00e1s Maduro Moros, lidera jornada con emprendedores y emprendedoras del pa\u00eds.<\/p>\n\n\n\n<p>Este encuentro tiene como objetivo impulsar el sector del emprendimiento productivo, as\u00ed como tambi\u00e9n apalancar el financiamiento y la atenci\u00f3n de forma directa a los hombres y mujeres decididos a aportar con sus iniciativas al crecimiento econ\u00f3mico nacional.<\/p>\n\n\n\n<p>Como parte de las medidas tomadas por el Ejecutivo para apoyar este sector, fue puesta en marcha la plataforma www.emprenderjuntos.gob.ve, que tiene el prop\u00f3sito de llevar un registro de las y los emprendedores del pa\u00eds.<\/p>\n\n\n\n<p>Adem\u00e1s, a trav\u00e9s de esta plataforma tecnol\u00f3gica tambi\u00e9n se brindan espacios para la asesor\u00eda en \u00e1reas como: formalizaci\u00f3n legal, formaci\u00f3n, finanzas, entre otras bondades como la conformaci\u00f3n de una s\u00f3lida red de emprendedores.<\/p>\n\n\n\n<p>Acompa\u00f1an al Jefe de Estado en esta actividad, la vicepresidenta Ejecutiva de la Rep\u00fablica, Delcy Rodr\u00edguez, la ministra del Poder Popular para el Comercio Nacional, Dheliz \u00c1lvarez, la alcaldesa del municipio Libertador de Caracas, Carmen Mel\u00e9ndez y dem\u00e1s autoridades gubernamentales.<\/p>\n\n\n\n<p><strong>Prensa Presidencial\/Eduardo Hueck<\/strong><\/p>\n","protected":false},"excerpt":{"rendered":"<p>Plaza Bicentenario, Caracas.- El presidente de la Rep\u00fablica Bolivariana de Venezuela, Nicol\u00e1s Maduro Moros, lidera jornada con emprendedores y emprendedoras del pa\u00eds. Este encuentro tiene como objetivo impulsar el sector del emprendimiento productivo, as\u00ed como tambi\u00e9n apalancar el financiamiento y la atenci\u00f3n de forma directa a los hombres y mujeres decididos a aportar con sus [&hellip;]<\/p>\n","protected":false},"author":6,"featured_media":1135,"comment_status":"open","ping_status":"open","sticky":false,"template":"","format":"standard","meta":{"footnotes":""},"categories":[7],"tags":[],"class_list":["post-1134","post","type-post","status-publish","format-standard","has-post-thumbnail","hentry","category-notas-de-prensa"],"_links":{"self":[{"href":"https:\/\/prensapresidencialvenezuela.gob.ve\/index.php\/wp-json\/wp\/v2\/posts\/1134","targetHints":{"allow":["GET"]}}],"collection":[{"href":"https:\/\/prensapresidencialvenezuela.gob.ve\/index.php\/wp-json\/wp\/v2\/posts"}],"about":[{"href":"https:\/\/prensapresidencialvenezuela.gob.ve\/index.php\/wp-json\/wp\/v2\/types\/post"}],"author":[{"embeddable":true,"href":"https:\/\/prensapresidencialvenezuela.gob.ve\/index.php\/wp-json\/wp\/v2\/users\/6"}],"replies":[{"embeddable":true,"href":"https:\/\/prensapresidencialvenezuela.gob.ve\/index.php\/wp-json\/wp\/v2\/comments?post=1134"}],"version-history":[{"count":1,"href":"https:\/\/prensapresidencialvenezuela.gob.ve\/index.php\/wp-json\/wp\/v2\/posts\/1134\/revisions"}],"predecessor-version":[{"id":1136,"href":"https:\/\/prensapresidencialvenezuela.gob.ve\/index.php\/wp-json\/wp\/v2\/posts\/1134\/revisions\/1136"}],"wp:featuredmedia":[{"embeddable":true,"href":"https:\/\/prensapresidencialvenezuela.gob.ve\/index.php\/wp-json\/wp\/v2\/media\/1135"}],"wp:attachment":[{"href":"https:\/\/prensapresidencialvenezuela.gob.ve\/index.php\/wp-json\/wp\/v2\/media?parent=1134"}],"wp:term":[{"taxonomy":"category","embeddable":true,"href":"https:\/\/prensapresidencialvenezuela.gob.ve\/index.php\/wp-json\/wp\/v2\/categories?post=1134"},{"taxonomy":"post_tag","embeddable":true,"href":"https:\/\/prensapresidencialvenezuela.gob.ve\/index.php\/wp-json\/wp\/v2\/tags?post=1134"}],"curies":[{"name":"wp","href":"https:\/\/api.w.org\/{rel}","templated":true}]}}