{"id":11381,"date":"2024-05-30T14:04:00","date_gmt":"2024-05-30T18:04:00","guid":{"rendered":"http:\/\/172.27.0.114\/?p=11381"},"modified":"2024-06-07T14:14:59","modified_gmt":"2024-06-07T18:14:59","slug":"presidente-maduro-saluda-movilizacion-contra-el-bloqueo-del-pueblo-de-nueva-esparta","status":"publish","type":"post","link":"https:\/\/prensapresidencialvenezuela.gob.ve\/index.php\/2024\/05\/30\/presidente-maduro-saluda-movilizacion-contra-el-bloqueo-del-pueblo-de-nueva-esparta\/","title":{"rendered":"Presidente Maduro saluda movilizaci\u00f3n contra el bloqueo del pueblo de Nueva Esparta"},"content":{"rendered":"\n<p><strong>Palacio de Miraflores, Caracas.-<\/strong> El presidente de la Rep\u00fablica, Nicol\u00e1s Maduro, salud\u00f3 este jueves la movilizaci\u00f3n del pueblo de Nueva Esparta, que se manifest\u00f3 contra el bloqueo econ\u00f3mico impuesto a Venezuela por Estados Unidos (EE.UU.), y en respaldo a las acciones pol\u00edticas y sociales del Gobierno Bolivariano.<\/p>\n\n\n\n<p>En contacto telef\u00f3nico, el jefe de Estado record\u00f3 que fue en la isla caribe\u00f1a <a><\/a>venezolana donde se gestaron los primeros pasos de la independencia de Suram\u00e9rica, con el accionar de sus pobladores.<\/p>\n\n\n\n<p>\u201cVoy a decir una gran verdad hist\u00f3rica, la libertad y la independencia de Suram\u00e9rica, empez\u00f3 en Juan Griego, empez\u00f3 en Margarita, all\u00ed, con palos, piedras, empujones, patadas, con gritos las mujeres y hombres de Juan Griego, echaron al ej\u00e9rcito espa\u00f1ol; y fue el primer territorio libre de Suram\u00e9rica, Margarita, hoy Nueva Esparta\u201d, expres\u00f3 al pueblo del municipio Marcano.<\/p>\n\n\n\n<p>Reconoci\u00f3 los esfuerzos del territorio espartano por recuperar el turismo, al afirmar que se han dado pasos importantes para elevar las riquezas de Margarita, recuperar el sector pesquero de la mano de sus pescadores y pescadoras; fortalecer la agricultura, la salud, educaci\u00f3n y avanzar con las inversiones a trav\u00e9s de la Zona Econ\u00f3mica Especial con \u00e1reas estrat\u00e9gicas para el desarrollo de ese territorio insular.<\/p>\n\n\n\n<p>Adelant\u00f3 que pr\u00f3ximamente \u201cle dar\u00e9 un regalo a Margarita, que se va a quedar locos, pronto voy para all\u00e1 a entregar la sorpresa\u201d con miras a recuperar la cultura margarite\u00f1a.<\/p>\n\n\n\n<p>\u201cYo soy el presidente de la identidad nacional, de la cultura y la belleza\u201d, manifest\u00f3 el Presidente y ratific\u00f3 su abrazo a los Diablos Danzantes de Venezuela en el D\u00eda de Corpus Christi.<\/p>\n\n\n\n<p><strong>Movilizaci\u00f3n activa por la paz de la naci\u00f3n<\/strong><\/p>\n\n\n\n<p>El mandatario nacional llam\u00f3 al pueblo a mantenerse movilizados y en las calles para preparar la fuerza revolucionaria \u201cque nos va a llevar a la m\u00e1s grande victoria electoral que jam\u00e1s se haya visto, este 28 de julio\u201d.<\/p>\n\n\n\n<p>Igualmente, inform\u00f3 que en los d\u00edas siguientes se realizar\u00e1 una jornada de certificaci\u00f3n para guiar al pueblo en la conformaci\u00f3n del 1X10 rumbo a las elecciones presidenciales de este 2024.<\/p>\n\n\n\n<p>\u201cEn el 1&#215;10 hay que agregar un nuevo votante, hay que agregar un vecino que haya votado por la oposici\u00f3n en el pasado y este cansado de esa gente, porque bastante da\u00f1o ha hecho esa gente a nuestro pueblo. Lleg\u00f3 la hora de la justicia y el 28 de julio ser\u00e1 la hora de la justicia y el pueblo cobrar\u00e1, con el voto y la participaci\u00f3n\u201d, recalc\u00f3.<\/p>\n\n\n\n<p>Para consolidar la propuesta pol\u00edtica, exigi\u00f3 m\u00e1xima unidad nacional con las familias, vecinos, comunidades y el pueblo en pleno.<\/p>\n\n\n\n<p><strong>Prensa Presidencial \/ Rosiris Ortega Ortiz<\/strong><\/p>\n","protected":false},"excerpt":{"rendered":"<p>Palacio de Miraflores, Caracas.- El presidente de la Rep\u00fablica, Nicol\u00e1s Maduro, salud\u00f3 este jueves la movilizaci\u00f3n del pueblo de Nueva Esparta, que se manifest\u00f3 contra el bloqueo econ\u00f3mico impuesto a Venezuela por Estados Unidos (EE.UU.), y en respaldo a las acciones pol\u00edticas y sociales del Gobierno Bolivariano. En contacto telef\u00f3nico, el jefe de Estado record\u00f3 [&hellip;]<\/p>\n","protected":false},"author":4,"featured_media":10961,"comment_status":"open","ping_status":"open","sticky":false,"template":"","format":"standard","meta":{"footnotes":""},"categories":[18,7],"tags":[30,19,27,20],"class_list":["post-11381","post","type-post","status-publish","format-standard","has-post-thumbnail","hentry","category-noticias-principales","category-notas-de-prensa","tag-destacado","tag-nicolas-maduro","tag-revolucion-bolivariana","tag-venezuela"],"_links":{"self":[{"href":"https:\/\/prensapresidencialvenezuela.gob.ve\/index.php\/wp-json\/wp\/v2\/posts\/11381","targetHints":{"allow":["GET"]}}],"collection":[{"href":"https:\/\/prensapresidencialvenezuela.gob.ve\/index.php\/wp-json\/wp\/v2\/posts"}],"about":[{"href":"https:\/\/prensapresidencialvenezuela.gob.ve\/index.php\/wp-json\/wp\/v2\/types\/post"}],"author":[{"embeddable":true,"href":"https:\/\/prensapresidencialvenezuela.gob.ve\/index.php\/wp-json\/wp\/v2\/users\/4"}],"replies":[{"embeddable":true,"href":"https:\/\/prensapresidencialvenezuela.gob.ve\/index.php\/wp-json\/wp\/v2\/comments?post=11381"}],"version-history":[{"count":1,"href":"https:\/\/prensapresidencialvenezuela.gob.ve\/index.php\/wp-json\/wp\/v2\/posts\/11381\/revisions"}],"predecessor-version":[{"id":11388,"href":"https:\/\/prensapresidencialvenezuela.gob.ve\/index.php\/wp-json\/wp\/v2\/posts\/11381\/revisions\/11388"}],"wp:featuredmedia":[{"embeddable":true,"href":"https:\/\/prensapresidencialvenezuela.gob.ve\/index.php\/wp-json\/wp\/v2\/media\/10961"}],"wp:attachment":[{"href":"https:\/\/prensapresidencialvenezuela.gob.ve\/index.php\/wp-json\/wp\/v2\/media?parent=11381"}],"wp:term":[{"taxonomy":"category","embeddable":true,"href":"https:\/\/prensapresidencialvenezuela.gob.ve\/index.php\/wp-json\/wp\/v2\/categories?post=11381"},{"taxonomy":"post_tag","embeddable":true,"href":"https:\/\/prensapresidencialvenezuela.gob.ve\/index.php\/wp-json\/wp\/v2\/tags?post=11381"}],"curies":[{"name":"wp","href":"https:\/\/api.w.org\/{rel}","templated":true}]}}