{"id":11392,"date":"2024-05-30T14:17:00","date_gmt":"2024-05-30T18:17:00","guid":{"rendered":"http:\/\/172.27.0.114\/?p=11392"},"modified":"2024-06-07T14:18:50","modified_gmt":"2024-06-07T18:18:50","slug":"con-maduro-de-repente-un-espacio-para-vencer-la-censura-en-redes-sociales","status":"publish","type":"post","link":"https:\/\/prensapresidencialvenezuela.gob.ve\/index.php\/2024\/05\/30\/con-maduro-de-repente-un-espacio-para-vencer-la-censura-en-redes-sociales\/","title":{"rendered":"Con Maduro \u201cDe Repente\u201d un espacio para vencer la censura en redes sociales"},"content":{"rendered":"\n<p><strong>Palacio de Miraflores, Caracas.- <\/strong>Con el prop\u00f3sito moral de vencer la censura en redes sociales, el Presidente de la Rep\u00fablica, Nicol\u00e1s Maduro, activ\u00f3 el programa Con Maduro \u201cDe Repente\u201d, transmitido por Radio Miraflores 95.9 FM desde las 8:00 de la noche.<\/p>\n\n\n\n<p>\u201cCon Maduro de Repente, de la radio para comunicarnos cerquita, a las redes, de las redes a las calles y de ah\u00ed a radio bemba, porque nos tienen una <a><\/a>censura, un baneo y una campa\u00f1a brutal para tratar de mentir sobre la verdad profunda de Venezuela, pero no han podido con nosotros ni podr\u00e1n; los apellidos esos, los Capriles, lo Ramos Allup, los Leopoldo L\u00f3pez, los Machados, los Julio Borges, esos apellidos siguen pululando, el tren de la maldad, el tren de los apellidos\u201d, expres\u00f3 durante el primer programa.<\/p>\n\n\n\n<p>El jefe de Estado record\u00f3 el legado del comandante Hugo Ch\u00e1vez, al transmitir la edici\u00f3n radial n\u00famero 1 de Con Maduro \u201cDe Repente\u201d, desde el Palacio Presidencial de Miraflores, en el estudio de radio del l\u00edder de la Revoluci\u00f3n Bolivariana.<\/p>\n\n\n\n<p>\u201cEstoy en el Palacio Presidencial de Miraflores, en el estudio de radio del comandante Hugo Ch\u00e1vez, aqu\u00ed estamos; est\u00e1 la silla de Ch\u00e1vez, todo su equipo, aqu\u00ed todo intacto como est\u00e1n intacto los sue\u00f1os de nuestro Comandante infinito, como est\u00e1 intacto su legado creciendo al pasar del tiempo\u201d, resalt\u00f3.<\/p>\n\n\n\n<p>Junto al Presidente, le acompa\u00f1aron la primera Combatiente Cilia Flores de Maduro y la vicepresidenta de la Rep\u00fablica, Delcy Rodr\u00edguez, quienes afirmaron que el programa radial es una iniciativa para compartir informaci\u00f3n importante con los venezolanos.<\/p>\n\n\n\n<p><strong>Prensa Presidencial \/ Rosiris Ortega Ortiz<\/strong><\/p>\n","protected":false},"excerpt":{"rendered":"<p>Palacio de Miraflores, Caracas.- Con el prop\u00f3sito moral de vencer la censura en redes sociales, el Presidente de la Rep\u00fablica, Nicol\u00e1s Maduro, activ\u00f3 el programa Con Maduro \u201cDe Repente\u201d, transmitido por Radio Miraflores 95.9 FM desde las 8:00 de la noche. \u201cCon Maduro de Repente, de la radio para comunicarnos cerquita, a las redes, de [&hellip;]<\/p>\n","protected":false},"author":4,"featured_media":11393,"comment_status":"open","ping_status":"open","sticky":false,"template":"","format":"standard","meta":{"footnotes":""},"categories":[18,7],"tags":[30,19,27,20],"class_list":["post-11392","post","type-post","status-publish","format-standard","has-post-thumbnail","hentry","category-noticias-principales","category-notas-de-prensa","tag-destacado","tag-nicolas-maduro","tag-revolucion-bolivariana","tag-venezuela"],"_links":{"self":[{"href":"https:\/\/prensapresidencialvenezuela.gob.ve\/index.php\/wp-json\/wp\/v2\/posts\/11392","targetHints":{"allow":["GET"]}}],"collection":[{"href":"https:\/\/prensapresidencialvenezuela.gob.ve\/index.php\/wp-json\/wp\/v2\/posts"}],"about":[{"href":"https:\/\/prensapresidencialvenezuela.gob.ve\/index.php\/wp-json\/wp\/v2\/types\/post"}],"author":[{"embeddable":true,"href":"https:\/\/prensapresidencialvenezuela.gob.ve\/index.php\/wp-json\/wp\/v2\/users\/4"}],"replies":[{"embeddable":true,"href":"https:\/\/prensapresidencialvenezuela.gob.ve\/index.php\/wp-json\/wp\/v2\/comments?post=11392"}],"version-history":[{"count":1,"href":"https:\/\/prensapresidencialvenezuela.gob.ve\/index.php\/wp-json\/wp\/v2\/posts\/11392\/revisions"}],"predecessor-version":[{"id":11394,"href":"https:\/\/prensapresidencialvenezuela.gob.ve\/index.php\/wp-json\/wp\/v2\/posts\/11392\/revisions\/11394"}],"wp:featuredmedia":[{"embeddable":true,"href":"https:\/\/prensapresidencialvenezuela.gob.ve\/index.php\/wp-json\/wp\/v2\/media\/11393"}],"wp:attachment":[{"href":"https:\/\/prensapresidencialvenezuela.gob.ve\/index.php\/wp-json\/wp\/v2\/media?parent=11392"}],"wp:term":[{"taxonomy":"category","embeddable":true,"href":"https:\/\/prensapresidencialvenezuela.gob.ve\/index.php\/wp-json\/wp\/v2\/categories?post=11392"},{"taxonomy":"post_tag","embeddable":true,"href":"https:\/\/prensapresidencialvenezuela.gob.ve\/index.php\/wp-json\/wp\/v2\/tags?post=11392"}],"curies":[{"name":"wp","href":"https:\/\/api.w.org\/{rel}","templated":true}]}}