{"id":11425,"date":"2024-05-31T15:55:00","date_gmt":"2024-05-31T19:55:00","guid":{"rendered":"http:\/\/172.27.0.114\/?p=11425"},"modified":"2024-06-07T15:57:58","modified_gmt":"2024-06-07T19:57:58","slug":"presidente-entrego-areas-rehabilitadas-de-escuela-de-enfermeria-de-la-universidad-de-carabobo","status":"publish","type":"post","link":"https:\/\/prensapresidencialvenezuela.gob.ve\/index.php\/2024\/05\/31\/presidente-entrego-areas-rehabilitadas-de-escuela-de-enfermeria-de-la-universidad-de-carabobo\/","title":{"rendered":"Presidente entreg\u00f3 \u00e1reas rehabilitadas de escuela de enfermer\u00eda de la Universidad de Carabobo"},"content":{"rendered":"\n<p><strong>Naguanagua, estado Carabobo.-<\/strong> Como parte de la rehabilitaci\u00f3n integral de la Escuela de Enfermer\u00eda \u201cDra. Gladys Rom\u00e1n de Cisneros\u201d, de la Universidad de Carabobo, a trav\u00e9s de la Gran Misi\u00f3n Venezuela Bella, el presidente de la Rep\u00fablica, Nicol\u00e1s Maduro, realiz\u00f3 la reinauguraci\u00f3n del pabell\u00f3n 12 de este espacio.<\/p>\n\n\n\n<p>Desde la Facultad de Ciencias de la Salud de esta casa de estudios, <a><\/a>ubicada en Naguanagua, el Mandatario nacional constat\u00f3 los trabajos de rehabilitaci\u00f3n integral de la infraestructura que comprendieron el desmontaje e instalaci\u00f3n de un nuevo sistema el\u00e9ctrico y luminaria, renovaci\u00f3n de los techos, restauraci\u00f3n integral del de ba\u00f1os, pinturas en \u00e1reas externas e internas, sustituci\u00f3n de tuber\u00edas de aguas servidas, entre otras reparaciones.<\/p>\n\n\n\n<p>Entre las \u00e1reas renovadas se encuentran: 19 aulas con capacidad para 30 alumnos (cada una), 3 salones de conferencias, 2 salones de inform\u00e1tica, 1 sala de laboratorio, as\u00ed como tambi\u00e9n oficinas administrativas.<\/p>\n\n\n\n<p>Con la rehabilitaci\u00f3n de este espacio se beneficia a una poblaci\u00f3n de 1.500 estudiantes de la Escuela de Enfermer\u00eda, as\u00ed como tambi\u00e9n se atender\u00e1 a 600 familias del punto y c\u00edrculo del sector B\u00e1rbula.<\/p>\n\n\n\n<p>M\u00e1s temprano, el Dignatario asegur\u00f3 que el Gobierno Bolivariano trabaja progresivamente en la recuperaci\u00f3n de espacios, para garantizar los servicios de calidad al pueblo venezolano.<\/p>\n\n\n\n<p>\u201cEstamos trabajando y avanzando progresivamente en la recuperaci\u00f3n y construcci\u00f3n de obras para el pueblo. Tenemos el plan, la voluntad y la fuerza para garantizarles a los venezolanos y las venezolanas servicios de calidad y espacios dignos. \u00a1Con esfuerzo y resultados inmediatos lo que vamos es pa&#8217; lante!\u201d, expres\u00f3 a trav\u00e9s de su cuenta en la red social X.<\/p>\n\n\n\n<p>La Gran Misi\u00f3n Venezuela Bella fue creada por el Gobierno Bolivariano, con el objetivo de rehabilitar y recuperar espacios p\u00fablicos y lugares de recreaci\u00f3n, adem\u00e1s de atender servicios de seguridad, alumbrado, ornato y \u00e1reas verdes.<\/p>\n\n\n\n<p>Acompa\u00f1an al Presidente, Cilia Flores de Maduro, primera combatiente y diputada a la Asamblea Nacional (AN), Rafael Lacava, gobernador de la entidad carabobe\u00f1a, Jacqueline Far\u00eda, presidenta de la Misi\u00f3n Venezuela Bella, Jessy Divo de Romero, rectora de la Universidad de Carabobo, Ana Gonz\u00e1lez, alcaldesa de Naguanagua, entre otras autoridades e invitados especiales.<\/p>\n\n\n\n<p><strong>Prensa Presidencial \/ Joelin Jim\u00e9nez<\/strong><\/p>\n","protected":false},"excerpt":{"rendered":"<p>Naguanagua, estado Carabobo.- Como parte de la rehabilitaci\u00f3n integral de la Escuela de Enfermer\u00eda \u201cDra. Gladys Rom\u00e1n de Cisneros\u201d, de la Universidad de Carabobo, a trav\u00e9s de la Gran Misi\u00f3n Venezuela Bella, el presidente de la Rep\u00fablica, Nicol\u00e1s Maduro, realiz\u00f3 la reinauguraci\u00f3n del pabell\u00f3n 12 de este espacio. Desde la Facultad de Ciencias de la [&hellip;]<\/p>\n","protected":false},"author":4,"featured_media":11426,"comment_status":"open","ping_status":"open","sticky":false,"template":"","format":"standard","meta":{"footnotes":""},"categories":[18,7],"tags":[30,19,27,20],"class_list":["post-11425","post","type-post","status-publish","format-standard","has-post-thumbnail","hentry","category-noticias-principales","category-notas-de-prensa","tag-destacado","tag-nicolas-maduro","tag-revolucion-bolivariana","tag-venezuela"],"_links":{"self":[{"href":"https:\/\/prensapresidencialvenezuela.gob.ve\/index.php\/wp-json\/wp\/v2\/posts\/11425","targetHints":{"allow":["GET"]}}],"collection":[{"href":"https:\/\/prensapresidencialvenezuela.gob.ve\/index.php\/wp-json\/wp\/v2\/posts"}],"about":[{"href":"https:\/\/prensapresidencialvenezuela.gob.ve\/index.php\/wp-json\/wp\/v2\/types\/post"}],"author":[{"embeddable":true,"href":"https:\/\/prensapresidencialvenezuela.gob.ve\/index.php\/wp-json\/wp\/v2\/users\/4"}],"replies":[{"embeddable":true,"href":"https:\/\/prensapresidencialvenezuela.gob.ve\/index.php\/wp-json\/wp\/v2\/comments?post=11425"}],"version-history":[{"count":1,"href":"https:\/\/prensapresidencialvenezuela.gob.ve\/index.php\/wp-json\/wp\/v2\/posts\/11425\/revisions"}],"predecessor-version":[{"id":11427,"href":"https:\/\/prensapresidencialvenezuela.gob.ve\/index.php\/wp-json\/wp\/v2\/posts\/11425\/revisions\/11427"}],"wp:featuredmedia":[{"embeddable":true,"href":"https:\/\/prensapresidencialvenezuela.gob.ve\/index.php\/wp-json\/wp\/v2\/media\/11426"}],"wp:attachment":[{"href":"https:\/\/prensapresidencialvenezuela.gob.ve\/index.php\/wp-json\/wp\/v2\/media?parent=11425"}],"wp:term":[{"taxonomy":"category","embeddable":true,"href":"https:\/\/prensapresidencialvenezuela.gob.ve\/index.php\/wp-json\/wp\/v2\/categories?post=11425"},{"taxonomy":"post_tag","embeddable":true,"href":"https:\/\/prensapresidencialvenezuela.gob.ve\/index.php\/wp-json\/wp\/v2\/tags?post=11425"}],"curies":[{"name":"wp","href":"https:\/\/api.w.org\/{rel}","templated":true}]}}