{"id":11434,"date":"2024-05-31T16:03:00","date_gmt":"2024-05-31T20:03:00","guid":{"rendered":"http:\/\/172.27.0.114\/?p=11434"},"modified":"2024-06-07T16:06:35","modified_gmt":"2024-06-07T20:06:35","slug":"presidente-maduro-reafirma-compromiso-con-la-recuperacion-de-universidades-del-pais","status":"publish","type":"post","link":"https:\/\/prensapresidencialvenezuela.gob.ve\/index.php\/2024\/05\/31\/presidente-maduro-reafirma-compromiso-con-la-recuperacion-de-universidades-del-pais\/","title":{"rendered":"Presidente Maduro reafirma compromiso con la recuperaci\u00f3n de universidades del pa\u00eds"},"content":{"rendered":"\n<p><strong>Puerto Cabello, estado Carabobo.-<\/strong> El presidente de la Rep\u00fablica, Nicol\u00e1s Maduro, reafirm\u00f3 este viernes su compromiso de recuperar las universidades del pa\u00eds, para fortalecer los espacios de educaci\u00f3n y cultura con miras al desarrollo econ\u00f3mico y productivo de la naci\u00f3n.<\/p>\n\n\n\n<p>Durante una jornada de trabajo para la atenci\u00f3n integral del pueblo en el estado Carabobo, el jefe de Estado destac\u00f3 la <a><\/a>importancia del Sistema Nacional de Ingreso Universitario, en la toma de decisi\u00f3n de los j\u00f3venes para elegir carreras que garanticen el crecimiento de Venezuela.<\/p>\n\n\n\n<p>\u201cSiempre pienso que es lo pertinente para la sociedad que tenemos. Qu\u00e9 es lo pertinente para los retos que tenemos; por eso en el Sistema Nacional de Ingreso Universitario, siempre estamos cuidando, hacia d\u00f3nde debe ir el pa\u00eds; cu\u00e1les son sus motores de desarrollo; cu\u00e1les son sus necesidades sociales, econ\u00f3micas, cient\u00edficas, tecnol\u00f3gicas para que los muchachos que se est\u00e1n graduando entren a estudiar las carreras que en cinco, diez, quince, veinte a\u00f1os van a garantizar la Venezuela que necesitamos y que so\u00f1amos\u201d, dijo.<\/p>\n\n\n\n<p>Al respecto, indic\u00f3 que con la rehabilitaci\u00f3n de la Universidad de Carabobo, el Gobierno Bolivariano continuar\u00e1 asumiendo los compromisos completos de cada solicitud recibida este viernes, \u201cy pronto quiero entregar todos estos edificios remodelados. La universidad de Carabobo renace\u201d.<\/p>\n\n\n\n<p>Igualmente, inform\u00f3 que la Universidad de Carabobo y Shangh\u00e1i suscribieron acuerdos para afianzar la cooperaci\u00f3n acad\u00e9mica.<\/p>\n\n\n\n<p>\u201cRecientemente, la visita que hizo el gobernador \u2013Rafel Lacava- a Shangh\u00e1i, pronto muy pronto, gracias al acuerdo que se ha firmado entre la universidad de Carabobo y la universidad de Shangh\u00e1i pronto muchos de ustedes van a estar en Shangh\u00e1i, form\u00e1ndose, super\u00e1ndose, estudiando y mejorando sus carreras\u201d.<\/p>\n\n\n\n<p>Por su parte, la presidenta de la Gran Misi\u00f3n Venezuela Bella, Jacqueline Faria, precis\u00f3 que en se han rehabilitado, desde 2020, un total de 34 sedes universitarias, \u201calgunas completas y otras en primera fase\u201d.<\/p>\n\n\n\n<p>Sobre la Universidad de Carabobo, detall\u00f3 que en 15 meses se han recuperado 105 aulas, 12 laboratorios y 45 salas de ba\u00f1o, se ha ejecutado la impermeabilizaci\u00f3n en m\u00e1s de 15 mil metros cuadrados.<\/p>\n\n\n\n<p><strong>Prensa Presidencial \/ Rosiris Ortega Ortiz<\/strong><\/p>\n","protected":false},"excerpt":{"rendered":"<p>Puerto Cabello, estado Carabobo.- El presidente de la Rep\u00fablica, Nicol\u00e1s Maduro, reafirm\u00f3 este viernes su compromiso de recuperar las universidades del pa\u00eds, para fortalecer los espacios de educaci\u00f3n y cultura con miras al desarrollo econ\u00f3mico y productivo de la naci\u00f3n. Durante una jornada de trabajo para la atenci\u00f3n integral del pueblo en el estado Carabobo, [&hellip;]<\/p>\n","protected":false},"author":4,"featured_media":11436,"comment_status":"open","ping_status":"open","sticky":false,"template":"","format":"standard","meta":{"footnotes":""},"categories":[18,7],"tags":[30,19,27,20],"class_list":["post-11434","post","type-post","status-publish","format-standard","has-post-thumbnail","hentry","category-noticias-principales","category-notas-de-prensa","tag-destacado","tag-nicolas-maduro","tag-revolucion-bolivariana","tag-venezuela"],"_links":{"self":[{"href":"https:\/\/prensapresidencialvenezuela.gob.ve\/index.php\/wp-json\/wp\/v2\/posts\/11434","targetHints":{"allow":["GET"]}}],"collection":[{"href":"https:\/\/prensapresidencialvenezuela.gob.ve\/index.php\/wp-json\/wp\/v2\/posts"}],"about":[{"href":"https:\/\/prensapresidencialvenezuela.gob.ve\/index.php\/wp-json\/wp\/v2\/types\/post"}],"author":[{"embeddable":true,"href":"https:\/\/prensapresidencialvenezuela.gob.ve\/index.php\/wp-json\/wp\/v2\/users\/4"}],"replies":[{"embeddable":true,"href":"https:\/\/prensapresidencialvenezuela.gob.ve\/index.php\/wp-json\/wp\/v2\/comments?post=11434"}],"version-history":[{"count":1,"href":"https:\/\/prensapresidencialvenezuela.gob.ve\/index.php\/wp-json\/wp\/v2\/posts\/11434\/revisions"}],"predecessor-version":[{"id":11437,"href":"https:\/\/prensapresidencialvenezuela.gob.ve\/index.php\/wp-json\/wp\/v2\/posts\/11434\/revisions\/11437"}],"wp:featuredmedia":[{"embeddable":true,"href":"https:\/\/prensapresidencialvenezuela.gob.ve\/index.php\/wp-json\/wp\/v2\/media\/11436"}],"wp:attachment":[{"href":"https:\/\/prensapresidencialvenezuela.gob.ve\/index.php\/wp-json\/wp\/v2\/media?parent=11434"}],"wp:term":[{"taxonomy":"category","embeddable":true,"href":"https:\/\/prensapresidencialvenezuela.gob.ve\/index.php\/wp-json\/wp\/v2\/categories?post=11434"},{"taxonomy":"post_tag","embeddable":true,"href":"https:\/\/prensapresidencialvenezuela.gob.ve\/index.php\/wp-json\/wp\/v2\/tags?post=11434"}],"curies":[{"name":"wp","href":"https:\/\/api.w.org\/{rel}","templated":true}]}}