{"id":11438,"date":"2024-05-31T16:06:00","date_gmt":"2024-05-31T20:06:00","guid":{"rendered":"http:\/\/172.27.0.114\/?p=11438"},"modified":"2024-06-07T16:09:03","modified_gmt":"2024-06-07T20:09:03","slug":"presidente-ha-valido-la-pena-ser-leal-al-pueblo-ser-leal-a-chavez-ser-leal-a-la-patria","status":"publish","type":"post","link":"https:\/\/prensapresidencialvenezuela.gob.ve\/index.php\/2024\/05\/31\/presidente-ha-valido-la-pena-ser-leal-al-pueblo-ser-leal-a-chavez-ser-leal-a-la-patria\/","title":{"rendered":"Presidente: \u00abHa valido la pena ser leal al pueblo, ser leal a Ch\u00e1vez, ser leal a la Patria\u00bb"},"content":{"rendered":"\n<p><strong>Puerto Cabello, estado Carabobo.-<\/strong> El pueblo de Puerto Cabello recibi\u00f3 en un caluroso abrazo de amor y lealtad al presidente de la Rep\u00fablica, Nicol\u00e1s Maduro, quien asisti\u00f3 este viernes a la entidad costera a realizar una jornada de trabajo para la atenci\u00f3n integral del pueblo en el estado Carabobo.<\/p>\n\n\n\n<p>El jefe de Estado expres\u00f3 al pueblo su benepl\u00e1cito al poder conocer Playa Waikiki, ubicada <a><\/a>en Puerto Cabello, un pueblo que reconoci\u00f3 como hist\u00f3rico para la independencia de Venezuela.<\/p>\n\n\n\n<p>\u201cAqu\u00ed en Puerto Cabello, un 8 de noviembre de 1823, con la liberaci\u00f3n de Puerto Cabello, se sell\u00f3 la independencia de Venezuela, as\u00ed que Puerto Cabello y Carabobo jugaron un papel estelar en la independencia, soberan\u00eda y en el poder de nuestra Patria. Y esas glorias hist\u00f3ricas no quedan atr\u00e1s, los glorias de los libertadores es historia presente porque nosotros somos el pueblo de la libertad, de los libertadores, de la rebeld\u00eda antiimperialista\u201d, destac\u00f3 el mandatario nacional.<\/p>\n\n\n\n<p>En su encuentro con el pueblo, el jefe de Estado llam\u00f3 a ganar la batalla contra el imperio del mal y vencer a quienes buscan imponer la guerra en el pa\u00eds, al pedir sanciones.<\/p>\n\n\n\n<p>\u201cEllos pidiendo sanciones, bloques, sanciones y nosotros encontrado soluciones con el pueblo siempre en batalla permanente, innovando, creando, emprendiendo\u201d, dijo.<\/p>\n\n\n\n<p>El mandatario Nacional expres\u00f3 su admiraci\u00f3n a la juventud venezolana por la conciencia, el \u00e1nimo y la fuerza que le transmiten. \u201cHa valido la pena ser leal al pueblo, ser leal a Ch\u00e1vez, ser leal a la Patria, he sido leal y seguir\u00e9 siendo leal a este pueblo, por ahora y para siempre\u201d.<\/p>\n\n\n\n<p>El Presidente llam\u00f3 a las fuerzas revolucionarias a unirse el pr\u00f3ximo domingo, para hacer un corte de cuenta del 1X10 con el objetivo de construir una poderosa maquinaria electoral con miras a las presidenciales del 28 de julio.<\/p>\n\n\n\n<p>\u201cVamos a hacer un corte de cuenta del 1&#215;10 para revisar todo el d\u00eda domingo parroquia por parroquia, calle por calle, comunidad por comunidad porque estaos construyendo la m\u00e1s poderosa maquinaria que jam\u00e1s haya existido en la Revoluci\u00f3n Bolivariana, necesitamos una victoria perfecta para el 28 de julio\u201d, enfatiz\u00f3.<\/p>\n\n\n\n<p>En ese sentido, precis\u00f3 para lograr la victoria perfecta, debe ser arrolladora y de paz \u201cantes, durante y despu\u00e9s del 28 de julio, paz para Venezuela y eso solo lo garantiza el pueblo\u201d.<\/p>\n\n\n\n<p><strong>Prensa Presidencial \/ Rosiris Ortega Ortiz<\/strong><\/p>\n","protected":false},"excerpt":{"rendered":"<p>Puerto Cabello, estado Carabobo.- El pueblo de Puerto Cabello recibi\u00f3 en un caluroso abrazo de amor y lealtad al presidente de la Rep\u00fablica, Nicol\u00e1s Maduro, quien asisti\u00f3 este viernes a la entidad costera a realizar una jornada de trabajo para la atenci\u00f3n integral del pueblo en el estado Carabobo. El jefe de Estado expres\u00f3 al [&hellip;]<\/p>\n","protected":false},"author":4,"featured_media":11440,"comment_status":"open","ping_status":"open","sticky":false,"template":"","format":"standard","meta":{"footnotes":""},"categories":[18,7],"tags":[30,19,27,20],"class_list":["post-11438","post","type-post","status-publish","format-standard","has-post-thumbnail","hentry","category-noticias-principales","category-notas-de-prensa","tag-destacado","tag-nicolas-maduro","tag-revolucion-bolivariana","tag-venezuela"],"_links":{"self":[{"href":"https:\/\/prensapresidencialvenezuela.gob.ve\/index.php\/wp-json\/wp\/v2\/posts\/11438","targetHints":{"allow":["GET"]}}],"collection":[{"href":"https:\/\/prensapresidencialvenezuela.gob.ve\/index.php\/wp-json\/wp\/v2\/posts"}],"about":[{"href":"https:\/\/prensapresidencialvenezuela.gob.ve\/index.php\/wp-json\/wp\/v2\/types\/post"}],"author":[{"embeddable":true,"href":"https:\/\/prensapresidencialvenezuela.gob.ve\/index.php\/wp-json\/wp\/v2\/users\/4"}],"replies":[{"embeddable":true,"href":"https:\/\/prensapresidencialvenezuela.gob.ve\/index.php\/wp-json\/wp\/v2\/comments?post=11438"}],"version-history":[{"count":1,"href":"https:\/\/prensapresidencialvenezuela.gob.ve\/index.php\/wp-json\/wp\/v2\/posts\/11438\/revisions"}],"predecessor-version":[{"id":11441,"href":"https:\/\/prensapresidencialvenezuela.gob.ve\/index.php\/wp-json\/wp\/v2\/posts\/11438\/revisions\/11441"}],"wp:featuredmedia":[{"embeddable":true,"href":"https:\/\/prensapresidencialvenezuela.gob.ve\/index.php\/wp-json\/wp\/v2\/media\/11440"}],"wp:attachment":[{"href":"https:\/\/prensapresidencialvenezuela.gob.ve\/index.php\/wp-json\/wp\/v2\/media?parent=11438"}],"wp:term":[{"taxonomy":"category","embeddable":true,"href":"https:\/\/prensapresidencialvenezuela.gob.ve\/index.php\/wp-json\/wp\/v2\/categories?post=11438"},{"taxonomy":"post_tag","embeddable":true,"href":"https:\/\/prensapresidencialvenezuela.gob.ve\/index.php\/wp-json\/wp\/v2\/tags?post=11438"}],"curies":[{"name":"wp","href":"https:\/\/api.w.org\/{rel}","templated":true}]}}