{"id":11451,"date":"2024-06-01T16:51:18","date_gmt":"2024-06-01T20:51:18","guid":{"rendered":"http:\/\/172.27.0.114\/?p=11451"},"modified":"2024-06-07T16:52:16","modified_gmt":"2024-06-07T20:52:16","slug":"en-mayo-venezuela-registro-la-inflacion-mas-baja-desde-2004","status":"publish","type":"post","link":"https:\/\/prensapresidencialvenezuela.gob.ve\/index.php\/2024\/06\/01\/en-mayo-venezuela-registro-la-inflacion-mas-baja-desde-2004\/","title":{"rendered":"En mayo, Venezuela registr\u00f3 la inflaci\u00f3n m\u00e1s baja desde 2004"},"content":{"rendered":"\n<p><strong>Maracaibo, estado Zulia.-<\/strong> El presidente de la Rep\u00fablica, Nicol\u00e1s Maduro, inform\u00f3 que, en el mes de mayo, Venezuela registr\u00f3 la inflaci\u00f3n m\u00e1s baja desde el a\u00f1o 2004.<\/p>\n\n\n\n<p>\u201cVenezuela en el mes de mayo tuvo la inflaci\u00f3n m\u00e1s baja desde el a\u00f1o 2024. Tenemos la inflaci\u00f3n, sustentada en trabajo y producci\u00f3n, m\u00e1s baja (&#8230;) Son se\u00f1ales, se\u00f1ales positivas\u201d, recalc\u00f3 el Mandatario desde el encuentro con las estructuras del Partido <a><\/a>Socialista Unido de Venezuela (PSUV) en el estado Zulia.<\/p>\n\n\n\n<p>Sobre la recaudaci\u00f3n interna, detall\u00f3 que se increment\u00f3 en 158% en comparaci\u00f3n con el mismo per\u00edodo del a\u00f1o 2023.<\/p>\n\n\n\n<p>En este sentido, destac\u00f3 que el pago de impuestos permiti\u00f3 un incremento de la recaudaci\u00f3n interna destinado a programas sociales para garantizar el bienestar del pueblo venezolano.<\/p>\n\n\n\n<p>\u201cEse impuesto va para el pueblo, para las Bricomiles, para arreglar escuelas, liceos (\u2026) para invertir en la recuperaci\u00f3n social del pueblo, porque tiene que ir aparejado, paralelo el crecimiento econ\u00f3mico con la recuperaci\u00f3n real de la capacidad social del pueblo\u201d, apunt\u00f3.<\/p>\n\n\n\n<p>Por otro lado, inst\u00f3 a defender la construcci\u00f3n del modelo independiente, aut\u00f3nomo y de producci\u00f3n nacional, al tiempo que record\u00f3 que los 18 motores de la Agenda Econ\u00f3mica Bolivariana garantizan el desarrollo integral econ\u00f3mico del pa\u00eds.<\/p>\n\n\n\n<p>\u201cTenemos un plan, un proyecto, una estrategia y resultados concretos para recuperar y curar las heridas de la guerra econ\u00f3mica, estamos en el camino correcto\u201d, explic\u00f3.<\/p>\n\n\n\n<p>En cuanto a las proyecciones relacionadas con la producci\u00f3n petrolera, el Jefe de Estado enfatiz\u00f3 que se prev\u00e9 un incremento \u201cpor lo menos, m\u00ednimo, a un mill\u00f3n 200 mil barriles diarios, con la meta 2025 de dos millones\u201d.<\/p>\n\n\n\n<p><strong>Prensa Presidencial \/ Joelin Jim\u00e9nez<\/strong><\/p>\n","protected":false},"excerpt":{"rendered":"<p>Maracaibo, estado Zulia.- El presidente de la Rep\u00fablica, Nicol\u00e1s Maduro, inform\u00f3 que, en el mes de mayo, Venezuela registr\u00f3 la inflaci\u00f3n m\u00e1s baja desde el a\u00f1o 2004. \u201cVenezuela en el mes de mayo tuvo la inflaci\u00f3n m\u00e1s baja desde el a\u00f1o 2024. Tenemos la inflaci\u00f3n, sustentada en trabajo y producci\u00f3n, m\u00e1s baja (&#8230;) Son se\u00f1ales, [&hellip;]<\/p>\n","protected":false},"author":4,"featured_media":11452,"comment_status":"open","ping_status":"open","sticky":false,"template":"","format":"standard","meta":{"footnotes":""},"categories":[18,7],"tags":[30,19,27,20],"class_list":["post-11451","post","type-post","status-publish","format-standard","has-post-thumbnail","hentry","category-noticias-principales","category-notas-de-prensa","tag-destacado","tag-nicolas-maduro","tag-revolucion-bolivariana","tag-venezuela"],"_links":{"self":[{"href":"https:\/\/prensapresidencialvenezuela.gob.ve\/index.php\/wp-json\/wp\/v2\/posts\/11451","targetHints":{"allow":["GET"]}}],"collection":[{"href":"https:\/\/prensapresidencialvenezuela.gob.ve\/index.php\/wp-json\/wp\/v2\/posts"}],"about":[{"href":"https:\/\/prensapresidencialvenezuela.gob.ve\/index.php\/wp-json\/wp\/v2\/types\/post"}],"author":[{"embeddable":true,"href":"https:\/\/prensapresidencialvenezuela.gob.ve\/index.php\/wp-json\/wp\/v2\/users\/4"}],"replies":[{"embeddable":true,"href":"https:\/\/prensapresidencialvenezuela.gob.ve\/index.php\/wp-json\/wp\/v2\/comments?post=11451"}],"version-history":[{"count":1,"href":"https:\/\/prensapresidencialvenezuela.gob.ve\/index.php\/wp-json\/wp\/v2\/posts\/11451\/revisions"}],"predecessor-version":[{"id":11453,"href":"https:\/\/prensapresidencialvenezuela.gob.ve\/index.php\/wp-json\/wp\/v2\/posts\/11451\/revisions\/11453"}],"wp:featuredmedia":[{"embeddable":true,"href":"https:\/\/prensapresidencialvenezuela.gob.ve\/index.php\/wp-json\/wp\/v2\/media\/11452"}],"wp:attachment":[{"href":"https:\/\/prensapresidencialvenezuela.gob.ve\/index.php\/wp-json\/wp\/v2\/media?parent=11451"}],"wp:term":[{"taxonomy":"category","embeddable":true,"href":"https:\/\/prensapresidencialvenezuela.gob.ve\/index.php\/wp-json\/wp\/v2\/categories?post=11451"},{"taxonomy":"post_tag","embeddable":true,"href":"https:\/\/prensapresidencialvenezuela.gob.ve\/index.php\/wp-json\/wp\/v2\/tags?post=11451"}],"curies":[{"name":"wp","href":"https:\/\/api.w.org\/{rel}","templated":true}]}}