{"id":11463,"date":"2024-06-02T16:57:50","date_gmt":"2024-06-02T20:57:50","guid":{"rendered":"http:\/\/172.27.0.114\/?p=11463"},"modified":"2024-06-07T16:59:25","modified_gmt":"2024-06-07T20:59:25","slug":"presidente-llama-a-construir-un-sistema-comunicacional-poderoso-ante-censura-en-redes-sociales","status":"publish","type":"post","link":"https:\/\/prensapresidencialvenezuela.gob.ve\/index.php\/2024\/06\/02\/presidente-llama-a-construir-un-sistema-comunicacional-poderoso-ante-censura-en-redes-sociales\/","title":{"rendered":"Presidente llama a construir un sistema comunicacional poderoso ante censura en redes sociales"},"content":{"rendered":"\n<p><strong>Palacio de Miraflores, Caracas.-<\/strong> El presidente de la Rep\u00fablica, Nicol\u00e1s Maduro Moros, instruy\u00f3 construir un sistema comunicacional poderoso ante la hegemon\u00eda opresora del mundo para enfrentar la censura contra Venezuela en las redes sociales.<\/p>\n\n\n\n<p>Durante la cuarta edici\u00f3n de <a href=\"https:\/\/www.facebook.com\/hashtag\/nicolive?__eep__=6&amp;__cft__[0]=AZXKbCHFkFcfPS_yvH0LkQ0C9GPm9ALq3QOmdw282wSF8sSroqvHaurygvGxlupzsrA3MPBbZsw8qDXXaSZ1VDgYtw2evatEdjk7MMtarJdKEK-SlAjkFpTvK7JaQTPr51axvfNWT0DxOLIykspaaUsQDQmapSSpLIMV2116WXPdushtU0z6_vda65oYmIc9gpAD8uwfpyz4iF-S93N_DdiS&amp;__tn__=*NK-R\">#NicoLive<\/a>, transmitido en su cuenta de la red social TikTok, el Mandatario nacional enfatiz\u00f3 que solo a trav\u00e9s <a><\/a>del sistema Calles, Redes, Medios, Paredes y Radio Bemba se podr\u00e1 \u201cromper con la censura de quienes tratan de da\u00f1ar a Venezuela\u201d.<\/p>\n\n\n\n<p>En reiteradas ocasiones, el Jefe de Estado ha insistido en la necesidad de difundir los logros de la Revoluci\u00f3n Bolivariana mediante las plataformas digitales, as\u00ed como tambi\u00e9n darle un manejo positivo a las redes sociales para que sirvan como herramientas educativas y de entretenimiento, fortalecer los valores en la juventud y la familia, adem\u00e1s de transmitir la verdad de los pa\u00edses.<\/p>\n\n\n\n<p>De igual manera, ha rechazado los mensajes manipulados que se difunden por las redes sociales y las diferentes plataformas, las cuales buscan generar y promover incertidumbre y mentiras en la poblaci\u00f3n venezolana.<\/p>\n\n\n\n<p>En contexto, el pasado domingo 26 de mayo, el Presidente valor\u00f3 como positiva la jornada denominada <a href=\"https:\/\/www.facebook.com\/hashtag\/nicolike?__eep__=6&amp;__cft__[0]=AZXKbCHFkFcfPS_yvH0LkQ0C9GPm9ALq3QOmdw282wSF8sSroqvHaurygvGxlupzsrA3MPBbZsw8qDXXaSZ1VDgYtw2evatEdjk7MMtarJdKEK-SlAjkFpTvK7JaQTPr51axvfNWT0DxOLIykspaaUsQDQmapSSpLIMV2116WXPdushtU0z6_vda65oYmIc9gpAD8uwfpyz4iF-S93N_DdiS&amp;__tn__=*NK-R\">#NicoLike<\/a> para contrarrestar la censura en las redes sociales y democratizar su uso ante los desaf\u00edos del futuro.<\/p>\n\n\n\n<p><strong>Prensa Presidencial \/ Joelin Jim\u00e9nez<\/strong><\/p>\n","protected":false},"excerpt":{"rendered":"<p>Palacio de Miraflores, Caracas.- El presidente de la Rep\u00fablica, Nicol\u00e1s Maduro Moros, instruy\u00f3 construir un sistema comunicacional poderoso ante la hegemon\u00eda opresora del mundo para enfrentar la censura contra Venezuela en las redes sociales. Durante la cuarta edici\u00f3n de #NicoLive, transmitido en su cuenta de la red social TikTok, el Mandatario nacional enfatiz\u00f3 que solo [&hellip;]<\/p>\n","protected":false},"author":4,"featured_media":11464,"comment_status":"open","ping_status":"open","sticky":false,"template":"","format":"standard","meta":{"footnotes":""},"categories":[18,7],"tags":[30,19,27,20],"class_list":["post-11463","post","type-post","status-publish","format-standard","has-post-thumbnail","hentry","category-noticias-principales","category-notas-de-prensa","tag-destacado","tag-nicolas-maduro","tag-revolucion-bolivariana","tag-venezuela"],"_links":{"self":[{"href":"https:\/\/prensapresidencialvenezuela.gob.ve\/index.php\/wp-json\/wp\/v2\/posts\/11463","targetHints":{"allow":["GET"]}}],"collection":[{"href":"https:\/\/prensapresidencialvenezuela.gob.ve\/index.php\/wp-json\/wp\/v2\/posts"}],"about":[{"href":"https:\/\/prensapresidencialvenezuela.gob.ve\/index.php\/wp-json\/wp\/v2\/types\/post"}],"author":[{"embeddable":true,"href":"https:\/\/prensapresidencialvenezuela.gob.ve\/index.php\/wp-json\/wp\/v2\/users\/4"}],"replies":[{"embeddable":true,"href":"https:\/\/prensapresidencialvenezuela.gob.ve\/index.php\/wp-json\/wp\/v2\/comments?post=11463"}],"version-history":[{"count":1,"href":"https:\/\/prensapresidencialvenezuela.gob.ve\/index.php\/wp-json\/wp\/v2\/posts\/11463\/revisions"}],"predecessor-version":[{"id":11465,"href":"https:\/\/prensapresidencialvenezuela.gob.ve\/index.php\/wp-json\/wp\/v2\/posts\/11463\/revisions\/11465"}],"wp:featuredmedia":[{"embeddable":true,"href":"https:\/\/prensapresidencialvenezuela.gob.ve\/index.php\/wp-json\/wp\/v2\/media\/11464"}],"wp:attachment":[{"href":"https:\/\/prensapresidencialvenezuela.gob.ve\/index.php\/wp-json\/wp\/v2\/media?parent=11463"}],"wp:term":[{"taxonomy":"category","embeddable":true,"href":"https:\/\/prensapresidencialvenezuela.gob.ve\/index.php\/wp-json\/wp\/v2\/categories?post=11463"},{"taxonomy":"post_tag","embeddable":true,"href":"https:\/\/prensapresidencialvenezuela.gob.ve\/index.php\/wp-json\/wp\/v2\/tags?post=11463"}],"curies":[{"name":"wp","href":"https:\/\/api.w.org\/{rel}","templated":true}]}}