{"id":11482,"date":"2024-06-03T14:14:11","date_gmt":"2024-06-03T18:14:11","guid":{"rendered":"http:\/\/172.27.0.114\/?p=11482"},"modified":"2024-06-10T14:15:48","modified_gmt":"2024-06-10T18:15:48","slug":"derecha-pretende-implantar-nuevo-escenario-de-violencia-en-venezuela","status":"publish","type":"post","link":"https:\/\/prensapresidencialvenezuela.gob.ve\/index.php\/2024\/06\/03\/derecha-pretende-implantar-nuevo-escenario-de-violencia-en-venezuela\/","title":{"rendered":"Derecha pretende implantar nuevo escenario de violencia en Venezuela"},"content":{"rendered":"\n<p><strong>Teatro Teresa Carre\u00f1o, Caracas.-<\/strong> Con las palabras \u00ab\u00a1M\u00e1s nunca cr\u00edmenes de odio!\u00bb, el presidente de la Rep\u00fablica, Nicol\u00e1s Maduro, alert\u00f3 a los venezolanos sobre las maniobras orquestadas por la extrema derecha para implantar escenarios de violencia, similares a las guarimbas de los a\u00f1os 2014 y 2017.<\/p>\n\n\n\n<p>Al recordar el asesinato del joven Orlando Figuera, de 22 a\u00f1os, v\u00edctima de quemaduras de primer y segundo grado <a><\/a>por parte de una turba violenta que lo se\u00f1al\u00f3 de chavista, puntualiz\u00f3 que, precisamente, la oposici\u00f3n radical \u00abconvoc\u00f3 ese odio y es el odio que quieren traer otra vez a Venezuela\u00bb con la intenci\u00f3n de que \u00abnos enfrentemos, nos matemos unos contra otros\u00bb.<\/p>\n\n\n\n<p>\u00abHan despertado en sectores ese odio, esa violencia y es la apuesta principal que hace la extrema derecha en Venezuela\u00bb, apunt\u00f3 durante el programa Con Maduro+, transmitido a trav\u00e9s de Venezolana de Televisi\u00f3n (VTV).<\/p>\n\n\n\n<p>En este sentido, reiter\u00f3 su llamado al pueblo para preservar la paz, as\u00ed como cultivar el amor, la convivencia y el respeto ante los intentos de sembrar el fascismo en Venezuela.<\/p>\n\n\n\n<p>\u00abCr\u00edmenes como el de Orlando Figuera no deben repetirse m\u00e1s nunca. No puede volver esa gente, no pueden volver con su fascismo, no pueden volver m\u00e1s nunca con su odio\u00bb, asever\u00f3.<\/p>\n\n\n\n<p>El Jefe de Estado, por otro lado, aprovech\u00f3 la ocasi\u00f3n para solicitarle al Rey Felipe VI y al presidente del Gobierno de Espa\u00f1a, Pedro S\u00e1nchez, la entrega de los involucrados en la muerte de Orlando Figuera a las autoridades venezolanas en funci\u00f3n de que sean juzgados por el crimen cometido.<\/p>\n\n\n\n<p>\u00abLa Fiscal\u00eda General de la Rep\u00fablica lo ha solicitado en m\u00faltiples veces; yo les pido al Jefe de Gobierno, a las autoridades judiciales que le entreguen a la justicia venezolana a los fascistas que quemaron vivo a Orlando Figuera\u00bb, inst\u00f3.<\/p>\n\n\n\n<p><strong>Prensa Presidencial \/ Karelis Gonz\u00e1lez<\/strong><\/p>\n","protected":false},"excerpt":{"rendered":"<p>Teatro Teresa Carre\u00f1o, Caracas.- Con las palabras \u00ab\u00a1M\u00e1s nunca cr\u00edmenes de odio!\u00bb, el presidente de la Rep\u00fablica, Nicol\u00e1s Maduro, alert\u00f3 a los venezolanos sobre las maniobras orquestadas por la extrema derecha para implantar escenarios de violencia, similares a las guarimbas de los a\u00f1os 2014 y 2017. Al recordar el asesinato del joven Orlando Figuera, de [&hellip;]<\/p>\n","protected":false},"author":4,"featured_media":11483,"comment_status":"open","ping_status":"open","sticky":false,"template":"","format":"standard","meta":{"footnotes":""},"categories":[18,7],"tags":[30,19,27,20],"class_list":["post-11482","post","type-post","status-publish","format-standard","has-post-thumbnail","hentry","category-noticias-principales","category-notas-de-prensa","tag-destacado","tag-nicolas-maduro","tag-revolucion-bolivariana","tag-venezuela"],"_links":{"self":[{"href":"https:\/\/prensapresidencialvenezuela.gob.ve\/index.php\/wp-json\/wp\/v2\/posts\/11482","targetHints":{"allow":["GET"]}}],"collection":[{"href":"https:\/\/prensapresidencialvenezuela.gob.ve\/index.php\/wp-json\/wp\/v2\/posts"}],"about":[{"href":"https:\/\/prensapresidencialvenezuela.gob.ve\/index.php\/wp-json\/wp\/v2\/types\/post"}],"author":[{"embeddable":true,"href":"https:\/\/prensapresidencialvenezuela.gob.ve\/index.php\/wp-json\/wp\/v2\/users\/4"}],"replies":[{"embeddable":true,"href":"https:\/\/prensapresidencialvenezuela.gob.ve\/index.php\/wp-json\/wp\/v2\/comments?post=11482"}],"version-history":[{"count":1,"href":"https:\/\/prensapresidencialvenezuela.gob.ve\/index.php\/wp-json\/wp\/v2\/posts\/11482\/revisions"}],"predecessor-version":[{"id":11484,"href":"https:\/\/prensapresidencialvenezuela.gob.ve\/index.php\/wp-json\/wp\/v2\/posts\/11482\/revisions\/11484"}],"wp:featuredmedia":[{"embeddable":true,"href":"https:\/\/prensapresidencialvenezuela.gob.ve\/index.php\/wp-json\/wp\/v2\/media\/11483"}],"wp:attachment":[{"href":"https:\/\/prensapresidencialvenezuela.gob.ve\/index.php\/wp-json\/wp\/v2\/media?parent=11482"}],"wp:term":[{"taxonomy":"category","embeddable":true,"href":"https:\/\/prensapresidencialvenezuela.gob.ve\/index.php\/wp-json\/wp\/v2\/categories?post=11482"},{"taxonomy":"post_tag","embeddable":true,"href":"https:\/\/prensapresidencialvenezuela.gob.ve\/index.php\/wp-json\/wp\/v2\/tags?post=11482"}],"curies":[{"name":"wp","href":"https:\/\/api.w.org\/{rel}","templated":true}]}}