{"id":1149,"date":"2022-02-09T02:26:00","date_gmt":"2022-02-09T02:26:00","guid":{"rendered":"http:\/\/172.27.0.121\/?p=1149"},"modified":"2022-06-02T02:28:21","modified_gmt":"2022-06-02T02:28:21","slug":"presidente-maduro-felicita-al-programa-con-el-mazo-dando-por-su-octavo-aniversario","status":"publish","type":"post","link":"https:\/\/prensapresidencialvenezuela.gob.ve\/index.php\/2022\/02\/09\/presidente-maduro-felicita-al-programa-con-el-mazo-dando-por-su-octavo-aniversario\/","title":{"rendered":"Presidente Maduro felicita al programa \u201cCon el mazo dando\u201d por su octavo aniversario"},"content":{"rendered":"\n<p><strong>Palacio de Miraflores, Caracas.-<\/strong> El presidente de la Rep\u00fablica Bolivariana de Venezuela, Nicol\u00e1s Maduro, este mi\u00e9rcoles felicit\u00f3 al programa \u201cCon el mazo dando\u201d por su octavo aniversario.<\/p>\n\n\n\n<p>\u201cFelicidades a todo el equipo por este programa que es todo un suceso pol\u00edtico, comunicacional, cultural, nacional e internacional\u201d, expres\u00f3 a trav\u00e9s de un contacto telef\u00f3nico, el Mandatario nacional.<\/p>\n\n\n\n<p>En este sentido, record\u00f3 que hace ocho a\u00f1os surgi\u00f3 la necesidad de impulsar un conjunto de programas de cuadros y l\u00edderes de Revoluci\u00f3n para dar la batalla por la verdad, \u201cy fuiste el primero (Diosdado Cabello) que saliste para darle la cara a los enemigos, a las dificultades y as\u00ed lo has hecho en estos a\u00f1os, enfrent\u00e1ndolos con la verdad\u201d.<\/p>\n\n\n\n<p>Nicol\u00e1s Maduro exalt\u00f3 el papel que han cumplido varios l\u00edderes de la Revoluci\u00f3n Bolivariana \u201cen la trinchera de combate\u201d, al tiempo que la calific\u00f3 como \u201cexitoso\u201d el programa \u201cCon el mazo dando\u201d.<\/p>\n\n\n\n<p>\u201cEstamos en el camino correcto, en el camino de Bol\u00edvar y Ch\u00e1vez, de la Patria grande, rumbo al 2030 y m\u00e1s all\u00e1 (\u2026) Revoluci\u00f3n victoriosa, Revoluci\u00f3n de pie, brillante y renovada\u201d, concluy\u00f3 el Presidente.<\/p>\n\n\n\n<p><strong>Prensa Presidencial\/Joelin Jim\u00e9nez<\/strong><\/p>\n","protected":false},"excerpt":{"rendered":"<p>Palacio de Miraflores, Caracas.- El presidente de la Rep\u00fablica Bolivariana de Venezuela, Nicol\u00e1s Maduro, este mi\u00e9rcoles felicit\u00f3 al programa \u201cCon el mazo dando\u201d por su octavo aniversario. \u201cFelicidades a todo el equipo por este programa que es todo un suceso pol\u00edtico, comunicacional, cultural, nacional e internacional\u201d, expres\u00f3 a trav\u00e9s de un contacto telef\u00f3nico, el Mandatario [&hellip;]<\/p>\n","protected":false},"author":6,"featured_media":1150,"comment_status":"open","ping_status":"open","sticky":false,"template":"","format":"standard","meta":{"footnotes":""},"categories":[7],"tags":[],"class_list":["post-1149","post","type-post","status-publish","format-standard","has-post-thumbnail","hentry","category-notas-de-prensa"],"_links":{"self":[{"href":"https:\/\/prensapresidencialvenezuela.gob.ve\/index.php\/wp-json\/wp\/v2\/posts\/1149","targetHints":{"allow":["GET"]}}],"collection":[{"href":"https:\/\/prensapresidencialvenezuela.gob.ve\/index.php\/wp-json\/wp\/v2\/posts"}],"about":[{"href":"https:\/\/prensapresidencialvenezuela.gob.ve\/index.php\/wp-json\/wp\/v2\/types\/post"}],"author":[{"embeddable":true,"href":"https:\/\/prensapresidencialvenezuela.gob.ve\/index.php\/wp-json\/wp\/v2\/users\/6"}],"replies":[{"embeddable":true,"href":"https:\/\/prensapresidencialvenezuela.gob.ve\/index.php\/wp-json\/wp\/v2\/comments?post=1149"}],"version-history":[{"count":1,"href":"https:\/\/prensapresidencialvenezuela.gob.ve\/index.php\/wp-json\/wp\/v2\/posts\/1149\/revisions"}],"predecessor-version":[{"id":1151,"href":"https:\/\/prensapresidencialvenezuela.gob.ve\/index.php\/wp-json\/wp\/v2\/posts\/1149\/revisions\/1151"}],"wp:featuredmedia":[{"embeddable":true,"href":"https:\/\/prensapresidencialvenezuela.gob.ve\/index.php\/wp-json\/wp\/v2\/media\/1150"}],"wp:attachment":[{"href":"https:\/\/prensapresidencialvenezuela.gob.ve\/index.php\/wp-json\/wp\/v2\/media?parent=1149"}],"wp:term":[{"taxonomy":"category","embeddable":true,"href":"https:\/\/prensapresidencialvenezuela.gob.ve\/index.php\/wp-json\/wp\/v2\/categories?post=1149"},{"taxonomy":"post_tag","embeddable":true,"href":"https:\/\/prensapresidencialvenezuela.gob.ve\/index.php\/wp-json\/wp\/v2\/tags?post=1149"}],"curies":[{"name":"wp","href":"https:\/\/api.w.org\/{rel}","templated":true}]}}