{"id":11497,"date":"2024-06-03T14:21:26","date_gmt":"2024-06-03T18:21:26","guid":{"rendered":"http:\/\/172.27.0.114\/?p=11497"},"modified":"2024-06-10T14:23:00","modified_gmt":"2024-06-10T18:23:00","slug":"mision-venezuela-bella-ya-suma-761-iglesias-recuperadas-y-se-despliega-en-el-zulia-para-avanzar-en-nuevos-proyectos","status":"publish","type":"post","link":"https:\/\/prensapresidencialvenezuela.gob.ve\/index.php\/2024\/06\/03\/mision-venezuela-bella-ya-suma-761-iglesias-recuperadas-y-se-despliega-en-el-zulia-para-avanzar-en-nuevos-proyectos\/","title":{"rendered":"Misi\u00f3n Venezuela Bella ya suma 761 iglesias recuperadas y se despliega en el Zulia para avanzar en nuevos proyectos"},"content":{"rendered":"\n<p><strong>Teatro Teresa Carre\u00f1o, Caracas.-<\/strong> Durante su programa \u201cCon Maduro +\u201d n\u00famero 48, el Presidente de la Rep\u00fablica, Nicol\u00e1s Maduro inform\u00f3 que la Misi\u00f3n Venezuela Bella prepara su maquinaria para hacer realidad un Centro Social Pastoral para el Zulia.<\/p>\n\n\n\n<p>El espacio cuenta con m\u00e1s de 10 mil metros cuadrados divididos en 4 pisos en dos edificios, que ser\u00e1n dispuestos para <a><\/a>ubicar un museo, un comedor y otros espacios que la iglesia cat\u00f3lica en el Zulia quiere poner al servicio de los m\u00e1s vulnerables. Al respecto la coordinadora de la Misi\u00f3n, Jaqueline Faria dio m\u00e1s detalles de la propuesta.<\/p>\n\n\n\n<p>\u201cEn esos diez mil metros cuadrados ya ellos tienen un anteproyecto. En el anteproyecto est\u00e1 toda la tarea social, eso hay que convertirlo en un proyecto, es decir, tantos metros cuadrados para el museo, tantos metros cuadrados para la el comedor, tanto para todas las necesidades que ellos plantean all\u00ed. Ellos atienden adultos y mayores y le dan almuerzo\u201d.<\/p>\n\n\n\n<p>En el marco de la recuperaci\u00f3n de iglesias que lleva la Misi\u00f3n en el Zulia, Faria record\u00f3 que el Gobierno Nacional atendi\u00f3 de inmediato la iglesia de Nuestra Se\u00f1ora del Rosario de Aranza Sucre, que se desplom\u00f3 en el mes de agosto de 2023 y fue recuperada e inaugurada durante el fin de semana pasado, pasando a ser la n\u00famero 761 que recupera la Misi\u00f3n a nivel nacional.<\/p>\n\n\n\n<p>\u201cEs una iglesia hermos\u00edsima, que se desplom\u00f3 el 17 de agosto del a\u00f1o pasado. Esa es una iglesia que tiene una torre que es el campanario y tiene una sola nave central, le fueron colocando impermeabilizaciones y no aguanto y s desplom\u00f3 (\u2026) Me lo reportaron en tiempo real y usted dio respuesta inmediata\u201d.<\/p>\n\n\n\n<p>Un dato curioso es que una vez que la estructura de la iglesia Nuestra Se\u00f1ora del Rosario de Aranza Sucre, a 60 a\u00f1os de haber sido construida, cede en sus bases, bajo los escombros los pobladores encontraron \u2013 en perfecto estado &#8211; el retablo de la virgen de Santa Rita que tiene una data de 200 a\u00f1os.<\/p>\n\n\n\n<p>Los habitantes del Municipio Santa Rita agradecieron esta noble labor al Presidente Maduro.<\/p>\n\n\n\n<p>\u201cQuiero decirle gracias presidente un trabajo muy bonito. Soy testigo de que trabajaron desde las siete de la ma\u00f1ana hasta las 10 de la noche. No escatimaron ning\u00fan tipo de recurso y vi que los trabajadores se identificaron con la obra que estaban realizando. Dios que es un buen pagador premiar\u00e1 con creces esto que ustedes han hecho\u201d.<\/p>\n\n\n\n<p><strong>Tercera etapa del Parque Ana Mar\u00eda Campos<\/strong><\/p>\n\n\n\n<p>El Mandatario Nacional, inform\u00f3 que ya avanza la segunda etapa del Parque Ana Mar\u00eda Campos, lugar que fue construido por la Misi\u00f3n Venezuela Bella y que para la tercera fase recibi\u00f3 una propuesta del pueblo Zuliano, para que sea construido un mega monumento de la Virgen de la \u201cChinita\u201d en dichos espacios.<\/p>\n\n\n\n<p>\u201cCon la tercera etapa del parque Ana Mar\u00eda Campos, en un lugar s\u00faper especial un monumento Mariano gigante y hermoso para la \u201cChinita\u201d en el parque Ana Mar\u00eda Campos que sea el monumento Mariano m\u00e1s grande de toda Venezuela donde la gente pueda ir a compartir en familia a orar, como lo construimos en Barquisimeto\u201d. Afirm\u00f3.<\/p>\n\n\n\n<p><strong>Prensa Presidencial \/ Mar\u00eda Mercedes Noguera<\/strong><\/p>\n","protected":false},"excerpt":{"rendered":"<p>Teatro Teresa Carre\u00f1o, Caracas.- Durante su programa \u201cCon Maduro +\u201d n\u00famero 48, el Presidente de la Rep\u00fablica, Nicol\u00e1s Maduro inform\u00f3 que la Misi\u00f3n Venezuela Bella prepara su maquinaria para hacer realidad un Centro Social Pastoral para el Zulia. El espacio cuenta con m\u00e1s de 10 mil metros cuadrados divididos en 4 pisos en dos edificios, [&hellip;]<\/p>\n","protected":false},"author":4,"featured_media":11498,"comment_status":"open","ping_status":"open","sticky":false,"template":"","format":"standard","meta":{"footnotes":""},"categories":[18,7],"tags":[30,19,27,20],"class_list":["post-11497","post","type-post","status-publish","format-standard","has-post-thumbnail","hentry","category-noticias-principales","category-notas-de-prensa","tag-destacado","tag-nicolas-maduro","tag-revolucion-bolivariana","tag-venezuela"],"_links":{"self":[{"href":"https:\/\/prensapresidencialvenezuela.gob.ve\/index.php\/wp-json\/wp\/v2\/posts\/11497","targetHints":{"allow":["GET"]}}],"collection":[{"href":"https:\/\/prensapresidencialvenezuela.gob.ve\/index.php\/wp-json\/wp\/v2\/posts"}],"about":[{"href":"https:\/\/prensapresidencialvenezuela.gob.ve\/index.php\/wp-json\/wp\/v2\/types\/post"}],"author":[{"embeddable":true,"href":"https:\/\/prensapresidencialvenezuela.gob.ve\/index.php\/wp-json\/wp\/v2\/users\/4"}],"replies":[{"embeddable":true,"href":"https:\/\/prensapresidencialvenezuela.gob.ve\/index.php\/wp-json\/wp\/v2\/comments?post=11497"}],"version-history":[{"count":1,"href":"https:\/\/prensapresidencialvenezuela.gob.ve\/index.php\/wp-json\/wp\/v2\/posts\/11497\/revisions"}],"predecessor-version":[{"id":11499,"href":"https:\/\/prensapresidencialvenezuela.gob.ve\/index.php\/wp-json\/wp\/v2\/posts\/11497\/revisions\/11499"}],"wp:featuredmedia":[{"embeddable":true,"href":"https:\/\/prensapresidencialvenezuela.gob.ve\/index.php\/wp-json\/wp\/v2\/media\/11498"}],"wp:attachment":[{"href":"https:\/\/prensapresidencialvenezuela.gob.ve\/index.php\/wp-json\/wp\/v2\/media?parent=11497"}],"wp:term":[{"taxonomy":"category","embeddable":true,"href":"https:\/\/prensapresidencialvenezuela.gob.ve\/index.php\/wp-json\/wp\/v2\/categories?post=11497"},{"taxonomy":"post_tag","embeddable":true,"href":"https:\/\/prensapresidencialvenezuela.gob.ve\/index.php\/wp-json\/wp\/v2\/tags?post=11497"}],"curies":[{"name":"wp","href":"https:\/\/api.w.org\/{rel}","templated":true}]}}