{"id":1152,"date":"2022-02-09T02:29:00","date_gmt":"2022-02-09T02:29:00","guid":{"rendered":"http:\/\/172.27.0.121\/?p=1152"},"modified":"2022-06-02T02:30:34","modified_gmt":"2022-06-02T02:30:34","slug":"gobierno-bolivariano-incrementara-acciones-contra-el-delito-y-grupos-paramilitares","status":"publish","type":"post","link":"https:\/\/prensapresidencialvenezuela.gob.ve\/index.php\/2022\/02\/09\/gobierno-bolivariano-incrementara-acciones-contra-el-delito-y-grupos-paramilitares\/","title":{"rendered":"Gobierno Bolivariano incrementar\u00e1 acciones contra el delito y grupos paramilitares"},"content":{"rendered":"\n<p><strong>Palacio de Miraflores, Caracas.-<\/strong> El presidente de la Rep\u00fablica Bolivariana de Venezuela, Nicol\u00e1s Maduro Moros, anunci\u00f3 este mi\u00e9rcoles que se incrementar\u00e1 la acci\u00f3n contra el delito y los grupos paramilitares \u201cm\u00e9tanse donde se metan, hasta all\u00e1 llegar\u00e1 la uni\u00f3n c\u00edvico-militar-policial de la Revoluci\u00f3n\u201d.<\/p>\n\n\n\n<p>Durante un contacto telef\u00f3nico al programa \u201cCon el mazo dando\u201d, Maduro denunci\u00f3 el financiamiento y el apoyo encubierto, de los gobiernos de Estados Unidos y Colombia, a grupos de delincuentes, quienes han tratado de desestabilizar la paz y la tranquilidad del pueblo venezolano.<\/p>\n\n\n\n<p>Al respecto, inform\u00f3 que se est\u00e1n teniendo \u201cgrandes \u00e9xitos para desmembrar, neutralizar y acabar con estos grupos de delincuentes, paramilitares, narcotraficantes\u201d.<\/p>\n\n\n\n<p>M\u00e1s temprano, el vicepresidente sectorial para la Seguridad Ciudadana y la Paz, Remigio Ceballos, ofreci\u00f3 un balance de la Operaci\u00f3n Policial Gran Cacique Indio Guaicaipuro II, donde fueron abatidos cinco delincuentes tras sostener fuertes enfrentamientos con las autoridades.<\/p>\n\n\n\n<p>Ceballos detall\u00f3 que fueron detenidas 13 personas, 9 hombres y 4 mujeres que ten\u00edan azotadas los sistemas de servicios p\u00fablicos que est\u00e1n en la autopista Regional del Centro, espec\u00edficamente en el estado Aragua.<\/p>\n\n\n\n<p>El tambi\u00e9n Ministro de Interior, Justicia y Paz, pormenoriz\u00f3 que durante los operativos fueron incautadas armas de guerra, armas calibre 9 mm, 7 cargadores de fusil, 1.300 cartuchos, 9 camiones cisternas, veh\u00edculos de carga, motocicletas, radios, tabletas, tel\u00e9fonos celulares, productos qu\u00edmicos, chalecos antibalas y libros de contabilidad.<\/p>\n\n\n\n<p><strong>Prensa Presidencial<\/strong><\/p>\n","protected":false},"excerpt":{"rendered":"<p>Palacio de Miraflores, Caracas.- El presidente de la Rep\u00fablica Bolivariana de Venezuela, Nicol\u00e1s Maduro Moros, anunci\u00f3 este mi\u00e9rcoles que se incrementar\u00e1 la acci\u00f3n contra el delito y los grupos paramilitares \u201cm\u00e9tanse donde se metan, hasta all\u00e1 llegar\u00e1 la uni\u00f3n c\u00edvico-militar-policial de la Revoluci\u00f3n\u201d. Durante un contacto telef\u00f3nico al programa \u201cCon el mazo dando\u201d, Maduro denunci\u00f3 [&hellip;]<\/p>\n","protected":false},"author":6,"featured_media":1153,"comment_status":"open","ping_status":"open","sticky":false,"template":"","format":"standard","meta":{"footnotes":""},"categories":[7],"tags":[],"class_list":["post-1152","post","type-post","status-publish","format-standard","has-post-thumbnail","hentry","category-notas-de-prensa"],"_links":{"self":[{"href":"https:\/\/prensapresidencialvenezuela.gob.ve\/index.php\/wp-json\/wp\/v2\/posts\/1152","targetHints":{"allow":["GET"]}}],"collection":[{"href":"https:\/\/prensapresidencialvenezuela.gob.ve\/index.php\/wp-json\/wp\/v2\/posts"}],"about":[{"href":"https:\/\/prensapresidencialvenezuela.gob.ve\/index.php\/wp-json\/wp\/v2\/types\/post"}],"author":[{"embeddable":true,"href":"https:\/\/prensapresidencialvenezuela.gob.ve\/index.php\/wp-json\/wp\/v2\/users\/6"}],"replies":[{"embeddable":true,"href":"https:\/\/prensapresidencialvenezuela.gob.ve\/index.php\/wp-json\/wp\/v2\/comments?post=1152"}],"version-history":[{"count":1,"href":"https:\/\/prensapresidencialvenezuela.gob.ve\/index.php\/wp-json\/wp\/v2\/posts\/1152\/revisions"}],"predecessor-version":[{"id":1154,"href":"https:\/\/prensapresidencialvenezuela.gob.ve\/index.php\/wp-json\/wp\/v2\/posts\/1152\/revisions\/1154"}],"wp:featuredmedia":[{"embeddable":true,"href":"https:\/\/prensapresidencialvenezuela.gob.ve\/index.php\/wp-json\/wp\/v2\/media\/1153"}],"wp:attachment":[{"href":"https:\/\/prensapresidencialvenezuela.gob.ve\/index.php\/wp-json\/wp\/v2\/media?parent=1152"}],"wp:term":[{"taxonomy":"category","embeddable":true,"href":"https:\/\/prensapresidencialvenezuela.gob.ve\/index.php\/wp-json\/wp\/v2\/categories?post=1152"},{"taxonomy":"post_tag","embeddable":true,"href":"https:\/\/prensapresidencialvenezuela.gob.ve\/index.php\/wp-json\/wp\/v2\/tags?post=1152"}],"curies":[{"name":"wp","href":"https:\/\/api.w.org\/{rel}","templated":true}]}}