{"id":11523,"date":"2024-06-04T14:38:19","date_gmt":"2024-06-04T18:38:19","guid":{"rendered":"http:\/\/172.27.0.114\/?p=11523"},"modified":"2024-06-10T14:40:05","modified_gmt":"2024-06-10T18:40:05","slug":"nicolas-maduro-cristobal-mendoza-al-panteon-nacional","status":"publish","type":"post","link":"https:\/\/prensapresidencialvenezuela.gob.ve\/index.php\/2024\/06\/04\/nicolas-maduro-cristobal-mendoza-al-panteon-nacional\/","title":{"rendered":"Nicol\u00e1s Maduro: Crist\u00f3bal Mendoza al Pante\u00f3n Nacional"},"content":{"rendered":"\n<p><strong>Trujillo, Venezuela.-<\/strong> \u201cCrist\u00f3bal Mendoza al Pante\u00f3n Nacional\u201d, as\u00ed inform\u00f3 el presidente de la Rep\u00fablica Bolivariana de Venezuela, Nicol\u00e1s Maduro, quien detall\u00f3 que \u201cpara el 23 de junio los restos del pol\u00edtico y abogado trujillano, Crist\u00f3bal Mendoza, reposar\u00e1n en el Pante\u00f3n Nacional\u201d.<\/p>\n\n\n\n<p>\u201c(\u2026) Tengo una deuda con ustedes y conmigo mismo y la voy a pagar este mismo mes, porque el 23 de junio, d\u00eda del cumplea\u00f1os del gran <a><\/a>Crist\u00f3bal Mendoza vamos a llevarlo al pante\u00f3n nacional\u201d, enfatiz\u00f3.<\/p>\n\n\n\n<p>En esa l\u00ednea, destac\u00f3 que los restos del pol\u00edtico y abogado estar\u00e1n al lado de los h\u00e9roes de la Naci\u00f3n, extendiendo su invitaci\u00f3n al pueblo trujillano a que \u201cse vayan pa\u00b4 Caracas a acompa\u00f1ar a Crist\u00f3bal Mendoza para llevarlo -Pante\u00f3n Nacional-\u201d.<\/p>\n\n\n\n<p>En contexto, Crist\u00f3bal Mendoza naci\u00f3 el 23 de junio 1772 en la ciudad de Trujillo, del estado Trujillo, fue pol\u00edtico y abogado, tambi\u00e9n fungi\u00f3 como administrador y consejero confiable del Libertador Sim\u00f3n Bol\u00edvar, fue el primero en ocupar el cargo de presidente de Venezuela durante la I Rep\u00fablica.<\/p>\n\n\n\n<p>Mucha era la confianza que Bol\u00edvar le ten\u00eda que en el curso de la Campa\u00f1a Admirable, le nombr\u00f3 primero gobernador de M\u00e9rida y luego de la provincia de Caracas, rese\u00f1a un art\u00edculo en el portal de noticias del Diario Vea.<\/p>\n\n\n\n<p><strong>Defender el concepto de Familia<\/strong><\/p>\n\n\n\n<p>\u201cTenemos que defender el concepto de la familia para construir Patria\u201d, as\u00ed orient\u00f3 el presidente Maduro, durante el encuentro que sostuvo con el pueblo trujillano a quienes catalog\u00f3 como \u201cpueblo noble, trabajado, sincero porque ustedes han sabido conservar el valor de la familia\u201d.<\/p>\n\n\n\n<p><strong>Prensa Presidencial \/ Eduardo Hueck<\/strong><\/p>\n","protected":false},"excerpt":{"rendered":"<p>Trujillo, Venezuela.- \u201cCrist\u00f3bal Mendoza al Pante\u00f3n Nacional\u201d, as\u00ed inform\u00f3 el presidente de la Rep\u00fablica Bolivariana de Venezuela, Nicol\u00e1s Maduro, quien detall\u00f3 que \u201cpara el 23 de junio los restos del pol\u00edtico y abogado trujillano, Crist\u00f3bal Mendoza, reposar\u00e1n en el Pante\u00f3n Nacional\u201d. \u201c(\u2026) Tengo una deuda con ustedes y conmigo mismo y la voy a pagar [&hellip;]<\/p>\n","protected":false},"author":4,"featured_media":11524,"comment_status":"open","ping_status":"open","sticky":false,"template":"","format":"standard","meta":{"footnotes":""},"categories":[18,7],"tags":[30,19,27,20],"class_list":["post-11523","post","type-post","status-publish","format-standard","has-post-thumbnail","hentry","category-noticias-principales","category-notas-de-prensa","tag-destacado","tag-nicolas-maduro","tag-revolucion-bolivariana","tag-venezuela"],"_links":{"self":[{"href":"https:\/\/prensapresidencialvenezuela.gob.ve\/index.php\/wp-json\/wp\/v2\/posts\/11523","targetHints":{"allow":["GET"]}}],"collection":[{"href":"https:\/\/prensapresidencialvenezuela.gob.ve\/index.php\/wp-json\/wp\/v2\/posts"}],"about":[{"href":"https:\/\/prensapresidencialvenezuela.gob.ve\/index.php\/wp-json\/wp\/v2\/types\/post"}],"author":[{"embeddable":true,"href":"https:\/\/prensapresidencialvenezuela.gob.ve\/index.php\/wp-json\/wp\/v2\/users\/4"}],"replies":[{"embeddable":true,"href":"https:\/\/prensapresidencialvenezuela.gob.ve\/index.php\/wp-json\/wp\/v2\/comments?post=11523"}],"version-history":[{"count":1,"href":"https:\/\/prensapresidencialvenezuela.gob.ve\/index.php\/wp-json\/wp\/v2\/posts\/11523\/revisions"}],"predecessor-version":[{"id":11525,"href":"https:\/\/prensapresidencialvenezuela.gob.ve\/index.php\/wp-json\/wp\/v2\/posts\/11523\/revisions\/11525"}],"wp:featuredmedia":[{"embeddable":true,"href":"https:\/\/prensapresidencialvenezuela.gob.ve\/index.php\/wp-json\/wp\/v2\/media\/11524"}],"wp:attachment":[{"href":"https:\/\/prensapresidencialvenezuela.gob.ve\/index.php\/wp-json\/wp\/v2\/media?parent=11523"}],"wp:term":[{"taxonomy":"category","embeddable":true,"href":"https:\/\/prensapresidencialvenezuela.gob.ve\/index.php\/wp-json\/wp\/v2\/categories?post=11523"},{"taxonomy":"post_tag","embeddable":true,"href":"https:\/\/prensapresidencialvenezuela.gob.ve\/index.php\/wp-json\/wp\/v2\/tags?post=11523"}],"curies":[{"name":"wp","href":"https:\/\/api.w.org\/{rel}","templated":true}]}}