{"id":11532,"date":"2024-06-05T14:43:07","date_gmt":"2024-06-05T18:43:07","guid":{"rendered":"http:\/\/172.27.0.114\/?p=11532"},"modified":"2024-06-10T14:44:23","modified_gmt":"2024-06-10T18:44:23","slug":"pueblo-movilizado-del-estado-bolivar-revolco-al-fascismo","status":"publish","type":"post","link":"https:\/\/prensapresidencialvenezuela.gob.ve\/index.php\/2024\/06\/05\/pueblo-movilizado-del-estado-bolivar-revolco-al-fascismo\/","title":{"rendered":"Pueblo movilizado del estado Bol\u00edvar revolc\u00f3 al fascismo"},"content":{"rendered":"\n<p><strong>Municipio Caron\u00ed, estado Bol\u00edvar.-<\/strong> Este mi\u00e9rcoles, el pueblo movilizado del estado Bol\u00edvar revolc\u00f3 al fascismo al salir a las calles y triunfar con la bandera de la prosperidad, el bienestar e igualdad por el camino del socialismo.<\/p>\n\n\n\n<p>\u201c(\u2026) Hoy el pueblo de Ciudad Bol\u00edvar, de San F\u00e9lix, de Ciudad Guayana del estado Bol\u00edvar revolcaron el fascismo, revolcaron a los apellidos, el pueblo en las calles ha triunfado\u201d, asever\u00f3 el <a><\/a>presidente de la Rep\u00fablica Bolivariana de Venezuela, Nicol\u00e1s Maduro, durante una llamada telef\u00f3nica realizada al pueblo que march\u00f3 en el municipio Caron\u00ed, ubicado en el estado Bol\u00edvar, en apoyo a la gesti\u00f3n bolivariana y rechazo a las sanciones impuestas por Estados Unidos.<\/p>\n\n\n\n<p>Entre tanto, j\u00f3venes, mujeres, hombres y adultos mayores concentrados y escuchando a su l\u00edder desde la jurisdicci\u00f3n gritaban: \u201c\u00a1No volver\u00e1n! \u00a1No volver\u00e1n!\u201d, a lo que el Mandatario nacional apunt\u00f3: \u201cSi queremos Patria libre, soberana, hay que fortalecer el 1&#215;10\u201d.<\/p>\n\n\n\n<p>En este sentido, el Jefe de Estado se\u00f1al\u00f3 que para continuar teniendo Patria y construir un futuro de prosperidad, bienestar e igualdad es imperioso afianzar el 1&#215;10.<\/p>\n\n\n\n<p>\u201cEl 1&#215;10 del Buen Gobierno, el 1&#215;10 perfecto para la victoria perfecta\u201d, ilustr\u00f3 lo que debe erigirse como l\u00ednea de acci\u00f3n pol\u00edtica.<\/p>\n\n\n\n<p>Comparti\u00f3 que en su paso por el estado Miranda, apenas sal\u00eda de entregar el \u201cCDI Lecumberry, de paquete, en la comunidad hom\u00f3nima, en C\u00faa\u201d, donde le acompa\u00f1\u00f3 una \u201ccaravana de m\u00e1s de 3 mil motorizados, voy llegando a la plaza Hugo Ch\u00e1vez, de C\u00faa, recorriendo Los Valles del Tuy\u201d.<\/p>\n\n\n\n<p>Del estado Bol\u00edvar se despidi\u00f3 con una rotunda afirmaci\u00f3n: \u201cSe est\u00e1 dando un nuevo despertar de la conciencia patri\u00f3tica, cristiana, revolucionaria, del pueblo de Venezuela. \u00a1Que viva Ciudad Guayana!, \u00a1que viva Bol\u00edvar! \u00a1Que viva la Patria!\u201d.<\/p>\n\n\n\n<p><strong>Prensa Presidencial \/ Ana\u00eds P\u00e9rez<\/strong><\/p>\n","protected":false},"excerpt":{"rendered":"<p>Municipio Caron\u00ed, estado Bol\u00edvar.- Este mi\u00e9rcoles, el pueblo movilizado del estado Bol\u00edvar revolc\u00f3 al fascismo al salir a las calles y triunfar con la bandera de la prosperidad, el bienestar e igualdad por el camino del socialismo. \u201c(\u2026) Hoy el pueblo de Ciudad Bol\u00edvar, de San F\u00e9lix, de Ciudad Guayana del estado Bol\u00edvar revolcaron el [&hellip;]<\/p>\n","protected":false},"author":4,"featured_media":11330,"comment_status":"open","ping_status":"open","sticky":false,"template":"","format":"standard","meta":{"footnotes":""},"categories":[18,7],"tags":[30,19,27,20],"class_list":["post-11532","post","type-post","status-publish","format-standard","has-post-thumbnail","hentry","category-noticias-principales","category-notas-de-prensa","tag-destacado","tag-nicolas-maduro","tag-revolucion-bolivariana","tag-venezuela"],"_links":{"self":[{"href":"https:\/\/prensapresidencialvenezuela.gob.ve\/index.php\/wp-json\/wp\/v2\/posts\/11532","targetHints":{"allow":["GET"]}}],"collection":[{"href":"https:\/\/prensapresidencialvenezuela.gob.ve\/index.php\/wp-json\/wp\/v2\/posts"}],"about":[{"href":"https:\/\/prensapresidencialvenezuela.gob.ve\/index.php\/wp-json\/wp\/v2\/types\/post"}],"author":[{"embeddable":true,"href":"https:\/\/prensapresidencialvenezuela.gob.ve\/index.php\/wp-json\/wp\/v2\/users\/4"}],"replies":[{"embeddable":true,"href":"https:\/\/prensapresidencialvenezuela.gob.ve\/index.php\/wp-json\/wp\/v2\/comments?post=11532"}],"version-history":[{"count":1,"href":"https:\/\/prensapresidencialvenezuela.gob.ve\/index.php\/wp-json\/wp\/v2\/posts\/11532\/revisions"}],"predecessor-version":[{"id":11533,"href":"https:\/\/prensapresidencialvenezuela.gob.ve\/index.php\/wp-json\/wp\/v2\/posts\/11532\/revisions\/11533"}],"wp:featuredmedia":[{"embeddable":true,"href":"https:\/\/prensapresidencialvenezuela.gob.ve\/index.php\/wp-json\/wp\/v2\/media\/11330"}],"wp:attachment":[{"href":"https:\/\/prensapresidencialvenezuela.gob.ve\/index.php\/wp-json\/wp\/v2\/media?parent=11532"}],"wp:term":[{"taxonomy":"category","embeddable":true,"href":"https:\/\/prensapresidencialvenezuela.gob.ve\/index.php\/wp-json\/wp\/v2\/categories?post=11532"},{"taxonomy":"post_tag","embeddable":true,"href":"https:\/\/prensapresidencialvenezuela.gob.ve\/index.php\/wp-json\/wp\/v2\/tags?post=11532"}],"curies":[{"name":"wp","href":"https:\/\/api.w.org\/{rel}","templated":true}]}}