{"id":11540,"date":"2024-06-05T14:46:49","date_gmt":"2024-06-05T18:46:49","guid":{"rendered":"http:\/\/172.27.0.114\/?p=11540"},"modified":"2024-06-10T14:47:51","modified_gmt":"2024-06-10T18:47:51","slug":"reinagurada-la-unidad-educativa-nacional-guillermo-cova-en-cartanal","status":"publish","type":"post","link":"https:\/\/prensapresidencialvenezuela.gob.ve\/index.php\/2024\/06\/05\/reinagurada-la-unidad-educativa-nacional-guillermo-cova-en-cartanal\/","title":{"rendered":"Reinagurada la Unidad Educativa Nacional \u201cGuillermo Cova\u201d en Cartanal"},"content":{"rendered":"\n<p><strong>Cartanal, estado Miranda.-<\/strong> En una acci\u00f3n ejecutada por las Brigadas Comunitarias Militares para la Educaci\u00f3n y la Salud (Bricomiles) para favorecer a 983 estudiantes de Cartanal, el presidente de la Rep\u00fablica, Nicol\u00e1s Maduro Moros, reinaugur\u00f3 la Unidad Educativa Nacional \u201cGuillermo Cova\u201d, localizada en el municipio Independencia del estado Miranda.<\/p>\n\n\n\n<p>La actividad fue propicia para que el Mandatario nacional <a><\/a>recorriera las instalaciones del centro educativo y constatara el funcionamiento de la sala de computaci\u00f3n y laboratorios, adem\u00e1s de otros espacios rehabilitados integralmente destinados a la comunidad estudiantil.<\/p>\n\n\n\n<p>Igualmente, la recuperaci\u00f3n contempl\u00f3 la intervenci\u00f3n de 26 aulas, biblioteca, cancha deportiva, laboratorios, espacios para coordinaciones, entre otros.<\/p>\n\n\n\n<p>\u00abNo se dejen quitar el derecho al futuro, muchachos y muchachas (&#8230;) Y el derecho al futuro est\u00e1 garantizado con el pueblo unido\u00bb, enfatiz\u00f3.<\/p>\n\n\n\n<p>La Unidad Educativa Nacional \u201cGuillermo Cova\u201d, que inici\u00f3 actividades formales el 25 de septiembre de 1984, bajo el nombre de \u201cCreaci\u00f3n Santa Teresa\u201d, rinde homenaje a Guillermo Cova, destacado profesor comprometido con la educaci\u00f3n, justicia y bienestar social para el beneficio de las comunidades.<\/p>\n\n\n\n<p>Las Bricomiles fueron creadas por el Gobierno Bolivariano con el prop\u00f3sito de rehabilitar espacios educativos y de salud en funci\u00f3n de garantizar la atenci\u00f3n integral de los venezolanos y las venezolanas.<\/p>\n\n\n\n<p><strong>Prensa Presidencial \/ Joelin Jim\u00e9nez<\/strong><\/p>\n","protected":false},"excerpt":{"rendered":"<p>Cartanal, estado Miranda.- En una acci\u00f3n ejecutada por las Brigadas Comunitarias Militares para la Educaci\u00f3n y la Salud (Bricomiles) para favorecer a 983 estudiantes de Cartanal, el presidente de la Rep\u00fablica, Nicol\u00e1s Maduro Moros, reinaugur\u00f3 la Unidad Educativa Nacional \u201cGuillermo Cova\u201d, localizada en el municipio Independencia del estado Miranda. La actividad fue propicia para que [&hellip;]<\/p>\n","protected":false},"author":4,"featured_media":11541,"comment_status":"open","ping_status":"open","sticky":false,"template":"","format":"standard","meta":{"footnotes":""},"categories":[18,7],"tags":[30,19,27,20],"class_list":["post-11540","post","type-post","status-publish","format-standard","has-post-thumbnail","hentry","category-noticias-principales","category-notas-de-prensa","tag-destacado","tag-nicolas-maduro","tag-revolucion-bolivariana","tag-venezuela"],"_links":{"self":[{"href":"https:\/\/prensapresidencialvenezuela.gob.ve\/index.php\/wp-json\/wp\/v2\/posts\/11540","targetHints":{"allow":["GET"]}}],"collection":[{"href":"https:\/\/prensapresidencialvenezuela.gob.ve\/index.php\/wp-json\/wp\/v2\/posts"}],"about":[{"href":"https:\/\/prensapresidencialvenezuela.gob.ve\/index.php\/wp-json\/wp\/v2\/types\/post"}],"author":[{"embeddable":true,"href":"https:\/\/prensapresidencialvenezuela.gob.ve\/index.php\/wp-json\/wp\/v2\/users\/4"}],"replies":[{"embeddable":true,"href":"https:\/\/prensapresidencialvenezuela.gob.ve\/index.php\/wp-json\/wp\/v2\/comments?post=11540"}],"version-history":[{"count":1,"href":"https:\/\/prensapresidencialvenezuela.gob.ve\/index.php\/wp-json\/wp\/v2\/posts\/11540\/revisions"}],"predecessor-version":[{"id":11542,"href":"https:\/\/prensapresidencialvenezuela.gob.ve\/index.php\/wp-json\/wp\/v2\/posts\/11540\/revisions\/11542"}],"wp:featuredmedia":[{"embeddable":true,"href":"https:\/\/prensapresidencialvenezuela.gob.ve\/index.php\/wp-json\/wp\/v2\/media\/11541"}],"wp:attachment":[{"href":"https:\/\/prensapresidencialvenezuela.gob.ve\/index.php\/wp-json\/wp\/v2\/media?parent=11540"}],"wp:term":[{"taxonomy":"category","embeddable":true,"href":"https:\/\/prensapresidencialvenezuela.gob.ve\/index.php\/wp-json\/wp\/v2\/categories?post=11540"},{"taxonomy":"post_tag","embeddable":true,"href":"https:\/\/prensapresidencialvenezuela.gob.ve\/index.php\/wp-json\/wp\/v2\/tags?post=11540"}],"curies":[{"name":"wp","href":"https:\/\/api.w.org\/{rel}","templated":true}]}}