{"id":11555,"date":"2024-06-05T14:53:49","date_gmt":"2024-06-05T18:53:49","guid":{"rendered":"http:\/\/172.27.0.114\/?p=11555"},"modified":"2024-06-10T14:58:35","modified_gmt":"2024-06-10T18:58:35","slug":"venezuela-celebra-el-dia-de-la-radiodifusion","status":"publish","type":"post","link":"https:\/\/prensapresidencialvenezuela.gob.ve\/index.php\/2024\/06\/05\/venezuela-celebra-el-dia-de-la-radiodifusion\/","title":{"rendered":"Venezuela celebra el D\u00eda de la Radiodifusi\u00f3n"},"content":{"rendered":"\n<p><strong>Palacio de Miraflores, Caracas.-<\/strong> Cada seis de junio se celebra en Venezuela, el D\u00eda de la Radiodifusi\u00f3n en Venezuela, fecha que le es otorgada en 1926 bajo el gobierno de Juan Vicente G\u00f3mez, licencia oficial a la primera emisora del pa\u00eds AIRE.<\/p>\n\n\n\n<p>Esta fecha es oportuna para reconocer la importante labor que llevan a cabo los trabajadores de la radio, quienes, con su esfuerzo, profesionalismo, t\u00e9cnica operacional, cultural e <a><\/a>intelectual, logran llegar a cualquier rinc\u00f3n de nuestro pa\u00eds, ya sea informando, entreteniendo, musicalizando, narrando o presentando diferentes estilos de programaci\u00f3n.<\/p>\n\n\n\n<p>La radiodifusi\u00f3n en Venezuela desde sus inicios se transform\u00f3 en el principal veh\u00edculo comunicacional de gran aceptaci\u00f3n en todos los hogares de nuestro pa\u00eds y hoy en d\u00eda la radio se manifiesta como uno de los veh\u00edculos de mayor audiencia y de organizaci\u00f3n popular en Venezuela, que educa, informa y entretiene.<\/p>\n\n\n\n<p>Un Hombre de Radio Jos\u00e9 Seijas N\u00fa\u00f1ez quien trabaj\u00f3 en emisoras como YVKE Mundial, Rumbos, Continente, Sensaci\u00f3n y Radiorama por m\u00e1s de 50 a\u00f1os, dijo que \u201cLa radio es como el arroz blanco est\u00e1 en todas partes\u201d.<\/p>\n\n\n\n<p>El alcance de la Radio nace bajo el sistema de amplitud modulada (AM), para luego extenderse a la Frecuencia Modulada, (FM). Su lanzamiento fue todo un acontecimiento nacional. La principal diferencia entre las frecuencias AM y FM, reside en el ancho de banda que tiene cada una. Esto implica calidad de sonido, alcance y transmisi\u00f3n. La AM tiene un ancho de banda inferior a los 10 KHz, la FM tiene un ancho de banda superior a los 20 KHz.<\/p>\n\n\n\n<p><strong>Prensa Presidencial \/ Orlando Ruiz<\/strong><\/p>\n","protected":false},"excerpt":{"rendered":"<p>Palacio de Miraflores, Caracas.- Cada seis de junio se celebra en Venezuela, el D\u00eda de la Radiodifusi\u00f3n en Venezuela, fecha que le es otorgada en 1926 bajo el gobierno de Juan Vicente G\u00f3mez, licencia oficial a la primera emisora del pa\u00eds AIRE. Esta fecha es oportuna para reconocer la importante labor que llevan a cabo [&hellip;]<\/p>\n","protected":false},"author":4,"featured_media":11556,"comment_status":"open","ping_status":"open","sticky":false,"template":"","format":"standard","meta":{"footnotes":""},"categories":[18,7],"tags":[30,19,27,20],"class_list":["post-11555","post","type-post","status-publish","format-standard","has-post-thumbnail","hentry","category-noticias-principales","category-notas-de-prensa","tag-destacado","tag-nicolas-maduro","tag-revolucion-bolivariana","tag-venezuela"],"_links":{"self":[{"href":"https:\/\/prensapresidencialvenezuela.gob.ve\/index.php\/wp-json\/wp\/v2\/posts\/11555","targetHints":{"allow":["GET"]}}],"collection":[{"href":"https:\/\/prensapresidencialvenezuela.gob.ve\/index.php\/wp-json\/wp\/v2\/posts"}],"about":[{"href":"https:\/\/prensapresidencialvenezuela.gob.ve\/index.php\/wp-json\/wp\/v2\/types\/post"}],"author":[{"embeddable":true,"href":"https:\/\/prensapresidencialvenezuela.gob.ve\/index.php\/wp-json\/wp\/v2\/users\/4"}],"replies":[{"embeddable":true,"href":"https:\/\/prensapresidencialvenezuela.gob.ve\/index.php\/wp-json\/wp\/v2\/comments?post=11555"}],"version-history":[{"count":1,"href":"https:\/\/prensapresidencialvenezuela.gob.ve\/index.php\/wp-json\/wp\/v2\/posts\/11555\/revisions"}],"predecessor-version":[{"id":11557,"href":"https:\/\/prensapresidencialvenezuela.gob.ve\/index.php\/wp-json\/wp\/v2\/posts\/11555\/revisions\/11557"}],"wp:featuredmedia":[{"embeddable":true,"href":"https:\/\/prensapresidencialvenezuela.gob.ve\/index.php\/wp-json\/wp\/v2\/media\/11556"}],"wp:attachment":[{"href":"https:\/\/prensapresidencialvenezuela.gob.ve\/index.php\/wp-json\/wp\/v2\/media?parent=11555"}],"wp:term":[{"taxonomy":"category","embeddable":true,"href":"https:\/\/prensapresidencialvenezuela.gob.ve\/index.php\/wp-json\/wp\/v2\/categories?post=11555"},{"taxonomy":"post_tag","embeddable":true,"href":"https:\/\/prensapresidencialvenezuela.gob.ve\/index.php\/wp-json\/wp\/v2\/tags?post=11555"}],"curies":[{"name":"wp","href":"https:\/\/api.w.org\/{rel}","templated":true}]}}