{"id":11588,"date":"2024-06-07T15:19:44","date_gmt":"2024-06-07T19:19:44","guid":{"rendered":"http:\/\/172.27.0.114\/?p=11588"},"modified":"2024-06-10T15:22:22","modified_gmt":"2024-06-10T19:22:22","slug":"centros-de-salud-seran-epicentro-de-la-formacion-con-alto-nivel-cientifico-y-humanistico","status":"publish","type":"post","link":"https:\/\/prensapresidencialvenezuela.gob.ve\/index.php\/2024\/06\/07\/centros-de-salud-seran-epicentro-de-la-formacion-con-alto-nivel-cientifico-y-humanistico\/","title":{"rendered":"Centros de salud ser\u00e1n epicentro de la formaci\u00f3n con alto nivel cient\u00edfico y human\u00edstico"},"content":{"rendered":"\n<p><strong>Municipio Zamora, estado Aragua.-<\/strong> Con el prop\u00f3sito de fortalecer el Sistema P\u00fablico Nacional de Salud, el presidente de la Rep\u00fablica, Nicol\u00e1s Maduro, inst\u00f3 a que cada centro se convierta en un espacio para el conocimiento cient\u00edfico y human\u00edstico al servicio del sagrado derecho a la vida.<\/p>\n\n\n\n<p>En este sentido, gracias a la Universidad de la Ciencias de la Salud (UCS) \u00abHugo Ch\u00e1vez Fr\u00edas\u00bb, est\u00e1n <a><\/a>activos 98 estudiantes de postgrado en seis especialidades dentro del Hospital Dr. Jos\u00e9 Rafael Rangel.<\/p>\n\n\n\n<p>El Mandatario nacional recalc\u00f3 que \u00abcada hospital, cada CDI debe ser una escuela para formar a los profesionales al m\u00e1s alto nivel cient\u00edfico y de conocimiento\u00bb.<\/p>\n\n\n\n<p>\u00ab(&#8230;) Que podamos tener el m\u00e1s alto nivel human\u00edstico, el amor por la profesi\u00f3n y por el pueblo, y el m\u00e1s alto nivel cient\u00edfico y profesional porque los m\u00e9dicos, las m\u00e9dicas y los profesionales de la salud, confirmado, son los mejores de Am\u00e9rica Latina y el Caribe\u201d, puntualiz\u00f3.<\/p>\n\n\n\n<p>Destac\u00f3 las altas capacidades del personal de salud venezolano y resalt\u00f3 que son referencia en el mundo para el desarrollo de la ciencia. En ese orden, prevalecen las oportunidades de desarrollo profesional en el Sistema Barrio Adentro Salud.<\/p>\n\n\n\n<p>En referencia a la Universidad de la Ciencias de la Salud \u00abHugo Ch\u00e1vez Fr\u00edas\u00bb, a trav\u00e9s del Programa Nacional de Formaci\u00f3n (PNF) en Medicina Integral, han egresado 60 mil 822 profesionales de la salud y 64 mil 960 est\u00e1n en formaci\u00f3n en los diferentes programas regulares de la casa de estudios en los 24 n\u00facleos del pa\u00eds.<\/p>\n\n\n\n<p>El jefe de Estado resalt\u00f3 que frente a las ilegales sanciones imperialistas, el derecho fundamental a la salud est\u00e1 garantizado, al tiempo que precis\u00f3 que con la recuperaci\u00f3n econ\u00f3mica, los ingresos que llegan a las arcas del Estado est\u00e1n destinados a la mejora de las infraestructuras y a la dotaci\u00f3n de insumos.<\/p>\n\n\n\n<p>\u201c\u00bfY para qu\u00e9 entra ese dinero? Para la educaci\u00f3n p\u00fablica, para las escuelas, liceos y hospitales, para recuperar los hospitales y los CDI. Ellos quieren privatizar la educaci\u00f3n y la salud, nosotros la estamos mejorando con el 1x 10 del Buen Gobierno, mejorar, mejorar, mejorar es la palabra del momento, mejorar, avanzar y triunfar\u201d, sostuvo Maduro.<\/p>\n\n\n\n<p>El presidente Maduro ha alertado al pueblo venezolano sobre las intenciones de algunos candidatos de la derecha que a\u00fapan el modelo privatizador neoliberal que van en contra de los derechos fundamentales a la salud, educaci\u00f3n, alimentaci\u00f3n y vivienda, promovidos por la Revoluci\u00f3n Bolivariana.<\/p>\n\n\n\n<p><strong>Prensa Presidencial \/ Yndira L\u00f3pez<\/strong><\/p>\n","protected":false},"excerpt":{"rendered":"<p>Municipio Zamora, estado Aragua.- Con el prop\u00f3sito de fortalecer el Sistema P\u00fablico Nacional de Salud, el presidente de la Rep\u00fablica, Nicol\u00e1s Maduro, inst\u00f3 a que cada centro se convierta en un espacio para el conocimiento cient\u00edfico y human\u00edstico al servicio del sagrado derecho a la vida. En este sentido, gracias a la Universidad de la [&hellip;]<\/p>\n","protected":false},"author":4,"featured_media":11589,"comment_status":"open","ping_status":"open","sticky":false,"template":"","format":"standard","meta":{"footnotes":""},"categories":[18,7],"tags":[30,19,27,20],"class_list":["post-11588","post","type-post","status-publish","format-standard","has-post-thumbnail","hentry","category-noticias-principales","category-notas-de-prensa","tag-destacado","tag-nicolas-maduro","tag-revolucion-bolivariana","tag-venezuela"],"_links":{"self":[{"href":"https:\/\/prensapresidencialvenezuela.gob.ve\/index.php\/wp-json\/wp\/v2\/posts\/11588","targetHints":{"allow":["GET"]}}],"collection":[{"href":"https:\/\/prensapresidencialvenezuela.gob.ve\/index.php\/wp-json\/wp\/v2\/posts"}],"about":[{"href":"https:\/\/prensapresidencialvenezuela.gob.ve\/index.php\/wp-json\/wp\/v2\/types\/post"}],"author":[{"embeddable":true,"href":"https:\/\/prensapresidencialvenezuela.gob.ve\/index.php\/wp-json\/wp\/v2\/users\/4"}],"replies":[{"embeddable":true,"href":"https:\/\/prensapresidencialvenezuela.gob.ve\/index.php\/wp-json\/wp\/v2\/comments?post=11588"}],"version-history":[{"count":1,"href":"https:\/\/prensapresidencialvenezuela.gob.ve\/index.php\/wp-json\/wp\/v2\/posts\/11588\/revisions"}],"predecessor-version":[{"id":11590,"href":"https:\/\/prensapresidencialvenezuela.gob.ve\/index.php\/wp-json\/wp\/v2\/posts\/11588\/revisions\/11590"}],"wp:featuredmedia":[{"embeddable":true,"href":"https:\/\/prensapresidencialvenezuela.gob.ve\/index.php\/wp-json\/wp\/v2\/media\/11589"}],"wp:attachment":[{"href":"https:\/\/prensapresidencialvenezuela.gob.ve\/index.php\/wp-json\/wp\/v2\/media?parent=11588"}],"wp:term":[{"taxonomy":"category","embeddable":true,"href":"https:\/\/prensapresidencialvenezuela.gob.ve\/index.php\/wp-json\/wp\/v2\/categories?post=11588"},{"taxonomy":"post_tag","embeddable":true,"href":"https:\/\/prensapresidencialvenezuela.gob.ve\/index.php\/wp-json\/wp\/v2\/tags?post=11588"}],"curies":[{"name":"wp","href":"https:\/\/api.w.org\/{rel}","templated":true}]}}