{"id":11591,"date":"2024-06-07T15:22:24","date_gmt":"2024-06-07T19:22:24","guid":{"rendered":"http:\/\/172.27.0.114\/?p=11591"},"modified":"2024-06-10T15:23:25","modified_gmt":"2024-06-10T19:23:25","slug":"casa-de-la-cultura-promueve-valores-de-identidad-nacional-en-cagua","status":"publish","type":"post","link":"https:\/\/prensapresidencialvenezuela.gob.ve\/index.php\/2024\/06\/07\/casa-de-la-cultura-promueve-valores-de-identidad-nacional-en-cagua\/","title":{"rendered":"Casa de la Cultura promueve valores de identidad nacional en Cagua"},"content":{"rendered":"\n<p><strong>Municipio Sucre, estado Aragua.-<\/strong> En aras de difundir los valores de la identidad venezolana, este viernes, el presidente de la Rep\u00fablica Bolivariana de Venezuela, Nicol\u00e1s Maduro Moros, inaugur\u00f3 los espacios recuperados de la Casa de la Cultura \u201cPlaza Sucre\u201d del municipio Sucre, en el estado Aragua.<\/p>\n\n\n\n<p>Acompa\u00f1ado de la primera combatiente y diputada a la Asamblea Nacional, Cilia Flores, constat\u00f3 las labores de <a><\/a>rehabilitaci\u00f3n integral en la Casa de la Cultura, que comprendieron el acondicionamiento de pisos, techos y paredes, as\u00ed como la adecuaci\u00f3n y restructuraci\u00f3n de ba\u00f1os, salones y \u00e1reas de esparcimiento.<\/p>\n\n\n\n<p>El espacio cultural cuenta con salones para m\u00fasica, danza y pintura, igualmente zonas dedicadas a galer\u00edas, bibliotecas, estudios de grabaci\u00f3n y camerinos.<\/p>\n\n\n\n<p>En febrero pasado, el jefe de Estado venezolano orden\u00f3 la rehabilitaci\u00f3n de 1.136 espacios a escala local, regional y nacional a trav\u00e9s de las Brigadas Comunitarias Militares para la Educaci\u00f3n y la Salud (Bricomiles).<\/p>\n\n\n\n<p>La intervenci\u00f3n de espacios se inscribe en el cuarto v\u00e9rtice de la Gran Misi\u00f3n Viva Venezuela, mi Patria Querida denominada \u201cM\u00e1s infraestructuras para la cultura. Red de casas Viva Venezuela\u201d.<\/p>\n\n\n\n<p><strong>Prensa Presidencial \/ Eduardo Hueck<\/strong><\/p>\n","protected":false},"excerpt":{"rendered":"<p>Municipio Sucre, estado Aragua.- En aras de difundir los valores de la identidad venezolana, este viernes, el presidente de la Rep\u00fablica Bolivariana de Venezuela, Nicol\u00e1s Maduro Moros, inaugur\u00f3 los espacios recuperados de la Casa de la Cultura \u201cPlaza Sucre\u201d del municipio Sucre, en el estado Aragua. Acompa\u00f1ado de la primera combatiente y diputada a la [&hellip;]<\/p>\n","protected":false},"author":4,"featured_media":11592,"comment_status":"open","ping_status":"open","sticky":false,"template":"","format":"standard","meta":{"footnotes":""},"categories":[18,7],"tags":[30,19,27,20],"class_list":["post-11591","post","type-post","status-publish","format-standard","has-post-thumbnail","hentry","category-noticias-principales","category-notas-de-prensa","tag-destacado","tag-nicolas-maduro","tag-revolucion-bolivariana","tag-venezuela"],"_links":{"self":[{"href":"https:\/\/prensapresidencialvenezuela.gob.ve\/index.php\/wp-json\/wp\/v2\/posts\/11591","targetHints":{"allow":["GET"]}}],"collection":[{"href":"https:\/\/prensapresidencialvenezuela.gob.ve\/index.php\/wp-json\/wp\/v2\/posts"}],"about":[{"href":"https:\/\/prensapresidencialvenezuela.gob.ve\/index.php\/wp-json\/wp\/v2\/types\/post"}],"author":[{"embeddable":true,"href":"https:\/\/prensapresidencialvenezuela.gob.ve\/index.php\/wp-json\/wp\/v2\/users\/4"}],"replies":[{"embeddable":true,"href":"https:\/\/prensapresidencialvenezuela.gob.ve\/index.php\/wp-json\/wp\/v2\/comments?post=11591"}],"version-history":[{"count":1,"href":"https:\/\/prensapresidencialvenezuela.gob.ve\/index.php\/wp-json\/wp\/v2\/posts\/11591\/revisions"}],"predecessor-version":[{"id":11593,"href":"https:\/\/prensapresidencialvenezuela.gob.ve\/index.php\/wp-json\/wp\/v2\/posts\/11591\/revisions\/11593"}],"wp:featuredmedia":[{"embeddable":true,"href":"https:\/\/prensapresidencialvenezuela.gob.ve\/index.php\/wp-json\/wp\/v2\/media\/11592"}],"wp:attachment":[{"href":"https:\/\/prensapresidencialvenezuela.gob.ve\/index.php\/wp-json\/wp\/v2\/media?parent=11591"}],"wp:term":[{"taxonomy":"category","embeddable":true,"href":"https:\/\/prensapresidencialvenezuela.gob.ve\/index.php\/wp-json\/wp\/v2\/categories?post=11591"},{"taxonomy":"post_tag","embeddable":true,"href":"https:\/\/prensapresidencialvenezuela.gob.ve\/index.php\/wp-json\/wp\/v2\/tags?post=11591"}],"curies":[{"name":"wp","href":"https:\/\/api.w.org\/{rel}","templated":true}]}}