{"id":11597,"date":"2024-06-07T15:24:53","date_gmt":"2024-06-07T19:24:53","guid":{"rendered":"http:\/\/172.27.0.114\/?p=11597"},"modified":"2024-06-10T15:26:01","modified_gmt":"2024-06-10T19:26:01","slug":"en-movilizacion-permanente-aragua-ratifica-su-lealtad-a-nicolas-maduro","status":"publish","type":"post","link":"https:\/\/prensapresidencialvenezuela.gob.ve\/index.php\/2024\/06\/07\/en-movilizacion-permanente-aragua-ratifica-su-lealtad-a-nicolas-maduro\/","title":{"rendered":"En movilizaci\u00f3n permanente, Aragua ratifica su lealtad a Nicol\u00e1s Maduro"},"content":{"rendered":"\n<p><strong>Municipio Girardot, estado Aragua.-<\/strong> En medio de ovaciones, alegr\u00eda desbordada y patriotismo, el pueblo del municipio Girardot, en el estado Aragua, recibi\u00f3 al presidente de la Rep\u00fablica, Nicol\u00e1s Maduro, elevando con fervor un sentimiento nacional: \u00a1La esperanza est\u00e1 en la calle!<\/p>\n\n\n\n<p>En una gran concentraci\u00f3n que colm\u00f3 la avenida Los Jabillos, hombres y mujeres, ni\u00f1os y ni\u00f1as aguardaron ansiosos la llegada del <a><\/a>l\u00edder revolucionario, cuya resistencia ante las sanciones impuestas por Estados Unidos (EE.UU.) es comparada con los m\u00e1s grandes combatientes de la historia venezolana.<\/p>\n\n\n\n<p>\u201c\u00a1Viva Nicol\u00e1s! \u00a1Viva nuestro Presidente obrero!\u201d, vitoreaban los asistentes cuando notaron su imagen resaltar sobre la tribuna que se hab\u00eda dispuesto como cierre magistral de la agenda que, desde media tarde, cumpl\u00eda en el estado Aragua.<\/p>\n\n\n\n<p>Gotas benditas ca\u00edan del cielo sobre el pueblo, que no se movi\u00f3 ni un cent\u00edmetro para escuchar la voz del hombre que se ha hecho uno con los hombres y las mujeres de a pie.<\/p>\n\n\n\n<p>Previamente, el Jefe de Estado lleg\u00f3 al Hospital Dr. Jos\u00e9 Rafael Rangel en Villa de Cura, donde entreg\u00f3 plenamente rehabilitadas las salas de hospitalizaci\u00f3n para adultos y ni\u00f1os, \u00e1reas de maternidad, postoperatorio y tres quir\u00f3fanos.<\/p>\n\n\n\n<p>Durante su visita al centro de salud, inst\u00f3 a que cada centro se convierta en un espacio para el conocimiento cient\u00edfico y human\u00edstico al servicio del sagrado derecho a la vida.<\/p>\n\n\n\n<p>Seguidamente, acompa\u00f1ado del pueblo arag\u00fceno, el Mandatario inaugur\u00f3 los espacios recuperados de la Casa de la Cultura \u201cPlaza Sucre\u201d, ubicada en el municipio Sucre.<\/p>\n\n\n\n<p>All\u00ed constat\u00f3 las labores de rehabilitaci\u00f3n integral, que comprendieron el acondicionamiento de pisos, techos y paredes, as\u00ed como la adecuaci\u00f3n y restructuraci\u00f3n de ba\u00f1os, salones y \u00e1reas de esparcimiento.<\/p>\n\n\n\n<p>El espacio cultural cuenta con salones para m\u00fasica, danza y pintura, zonas dedicadas a galer\u00edas, bibliotecas, estudios de grabaci\u00f3n y camerinos.<\/p>\n\n\n\n<p><strong>Prensa Presidencial \/ Eduardo Hueck<\/strong><\/p>\n","protected":false},"excerpt":{"rendered":"<p>Municipio Girardot, estado Aragua.- En medio de ovaciones, alegr\u00eda desbordada y patriotismo, el pueblo del municipio Girardot, en el estado Aragua, recibi\u00f3 al presidente de la Rep\u00fablica, Nicol\u00e1s Maduro, elevando con fervor un sentimiento nacional: \u00a1La esperanza est\u00e1 en la calle! En una gran concentraci\u00f3n que colm\u00f3 la avenida Los Jabillos, hombres y mujeres, ni\u00f1os [&hellip;]<\/p>\n","protected":false},"author":4,"featured_media":11598,"comment_status":"open","ping_status":"open","sticky":false,"template":"","format":"standard","meta":{"footnotes":""},"categories":[18,7],"tags":[30,19,27,20],"class_list":["post-11597","post","type-post","status-publish","format-standard","has-post-thumbnail","hentry","category-noticias-principales","category-notas-de-prensa","tag-destacado","tag-nicolas-maduro","tag-revolucion-bolivariana","tag-venezuela"],"_links":{"self":[{"href":"https:\/\/prensapresidencialvenezuela.gob.ve\/index.php\/wp-json\/wp\/v2\/posts\/11597","targetHints":{"allow":["GET"]}}],"collection":[{"href":"https:\/\/prensapresidencialvenezuela.gob.ve\/index.php\/wp-json\/wp\/v2\/posts"}],"about":[{"href":"https:\/\/prensapresidencialvenezuela.gob.ve\/index.php\/wp-json\/wp\/v2\/types\/post"}],"author":[{"embeddable":true,"href":"https:\/\/prensapresidencialvenezuela.gob.ve\/index.php\/wp-json\/wp\/v2\/users\/4"}],"replies":[{"embeddable":true,"href":"https:\/\/prensapresidencialvenezuela.gob.ve\/index.php\/wp-json\/wp\/v2\/comments?post=11597"}],"version-history":[{"count":1,"href":"https:\/\/prensapresidencialvenezuela.gob.ve\/index.php\/wp-json\/wp\/v2\/posts\/11597\/revisions"}],"predecessor-version":[{"id":11599,"href":"https:\/\/prensapresidencialvenezuela.gob.ve\/index.php\/wp-json\/wp\/v2\/posts\/11597\/revisions\/11599"}],"wp:featuredmedia":[{"embeddable":true,"href":"https:\/\/prensapresidencialvenezuela.gob.ve\/index.php\/wp-json\/wp\/v2\/media\/11598"}],"wp:attachment":[{"href":"https:\/\/prensapresidencialvenezuela.gob.ve\/index.php\/wp-json\/wp\/v2\/media?parent=11597"}],"wp:term":[{"taxonomy":"category","embeddable":true,"href":"https:\/\/prensapresidencialvenezuela.gob.ve\/index.php\/wp-json\/wp\/v2\/categories?post=11597"},{"taxonomy":"post_tag","embeddable":true,"href":"https:\/\/prensapresidencialvenezuela.gob.ve\/index.php\/wp-json\/wp\/v2\/tags?post=11597"}],"curies":[{"name":"wp","href":"https:\/\/api.w.org\/{rel}","templated":true}]}}