{"id":11609,"date":"2024-06-08T15:31:16","date_gmt":"2024-06-08T19:31:16","guid":{"rendered":"http:\/\/172.27.0.114\/?p=11609"},"modified":"2024-06-10T15:32:26","modified_gmt":"2024-06-10T19:32:26","slug":"mandatario-nacional-declaro-las-motopiruetas-como-deporte-nacional","status":"publish","type":"post","link":"https:\/\/prensapresidencialvenezuela.gob.ve\/index.php\/2024\/06\/08\/mandatario-nacional-declaro-las-motopiruetas-como-deporte-nacional\/","title":{"rendered":"Mandatario nacional declar\u00f3 las motopiruetas como deporte nacional"},"content":{"rendered":"\n<p><strong>Poliedro de Caracas.- Distrito Capital.- <\/strong>\u201cFirmo el punto de cuenta muchachos y muchachas para reconocer a los motopiruetas como deporte nacional de la Rep\u00fablica Bolivariana de Venezuela. \u00a1Aprobado!\u201d, con estas palabras el presidente Nicol\u00e1s Maduro Moros, suma su reconocimiento a esta disciplina.<\/p>\n\n\n\n<p>Tras participar y acompa\u00f1ar la Primera V\u00e1lida Nacional de Motopiruetas por la Paz, la Vida y la Sana Convivencia, <a><\/a>el jefe de Estado orient\u00f3 a que \u201ca partir de hoy\u201d se otorgue \u201ctodo el apoyo al deporte de los motopiruetas en toda Venezuela\u201d.<\/p>\n\n\n\n<p>Asimismo, el Dignatario nacional, al felicitar a la juventud que se encontraba en el Poliedro de Caracas, encarg\u00f3 a la Gran Misi\u00f3n Venezuela Joven a dar todo el apoyo social y econ\u00f3mico a los motopiruetas del pa\u00eds.<\/p>\n\n\n\n<p>Durante la actividad, el jefe de Estado inform\u00f3 los siguientes puntos aprobados:<\/p>\n\n\n\n<p>\u2022 Desarrollar un censo nacional de los motorizados que hacen motopiruetas en el pa\u00eds.<\/p>\n\n\n\n<p>\u2022 Impulsar una ley que reconozca a los motopiruetas y le d\u00e9 todo el apoyo.<\/p>\n\n\n\n<p>\u2022 Definir espacios en todos los estados y municipios del pa\u00eds para practicar la motopiruetas.<\/p>\n\n\n\n<p>En esa l\u00ednea, el presidente Maduro tambi\u00e9n anunci\u00f3 que \u201clos estacionamientos del Poliedro ser\u00e1n una pista especial de motopiruetas\u201d.<\/p>\n\n\n\n<p>\u201cA partir de hoy para toda la Gran Caracas, de Petare a Catia, de Catia a La Vega, de La Vega a El Valle, del Valle a Ant\u00edmano\u201d, detall\u00f3.<\/p>\n\n\n\n<p>El Mandatario estuvo acompa\u00f1ado por el jefe del Movimiento por la Paz y la Vida, Alexander \u00abMimou\u00bb Vargas; la diputada a la Asamblea Nacional y jefa de la Gran Misi\u00f3n Venezuela Joven, G\u00e9nesis Garvett; y el presidente del Instituto Nacional de Hip\u00f3dromos (INH), Antonio \u00c1lvarez.<\/p>\n\n\n\n<p>En este encuentro, participaron diversos movimientos de motorizados especializados en motopiruetas, demostrando las t\u00e9cnicas de desplazamiento que realizan en la pista.<\/p>\n\n\n\n<p><strong>Prensa Presidencial \/ Eduardo Hueck<\/strong><\/p>\n","protected":false},"excerpt":{"rendered":"<p>Poliedro de Caracas.- Distrito Capital.- \u201cFirmo el punto de cuenta muchachos y muchachas para reconocer a los motopiruetas como deporte nacional de la Rep\u00fablica Bolivariana de Venezuela. \u00a1Aprobado!\u201d, con estas palabras el presidente Nicol\u00e1s Maduro Moros, suma su reconocimiento a esta disciplina. Tras participar y acompa\u00f1ar la Primera V\u00e1lida Nacional de Motopiruetas por la Paz, [&hellip;]<\/p>\n","protected":false},"author":4,"featured_media":11610,"comment_status":"open","ping_status":"open","sticky":false,"template":"","format":"standard","meta":{"footnotes":""},"categories":[18,7],"tags":[30,19,27,20],"class_list":["post-11609","post","type-post","status-publish","format-standard","has-post-thumbnail","hentry","category-noticias-principales","category-notas-de-prensa","tag-destacado","tag-nicolas-maduro","tag-revolucion-bolivariana","tag-venezuela"],"_links":{"self":[{"href":"https:\/\/prensapresidencialvenezuela.gob.ve\/index.php\/wp-json\/wp\/v2\/posts\/11609","targetHints":{"allow":["GET"]}}],"collection":[{"href":"https:\/\/prensapresidencialvenezuela.gob.ve\/index.php\/wp-json\/wp\/v2\/posts"}],"about":[{"href":"https:\/\/prensapresidencialvenezuela.gob.ve\/index.php\/wp-json\/wp\/v2\/types\/post"}],"author":[{"embeddable":true,"href":"https:\/\/prensapresidencialvenezuela.gob.ve\/index.php\/wp-json\/wp\/v2\/users\/4"}],"replies":[{"embeddable":true,"href":"https:\/\/prensapresidencialvenezuela.gob.ve\/index.php\/wp-json\/wp\/v2\/comments?post=11609"}],"version-history":[{"count":1,"href":"https:\/\/prensapresidencialvenezuela.gob.ve\/index.php\/wp-json\/wp\/v2\/posts\/11609\/revisions"}],"predecessor-version":[{"id":11611,"href":"https:\/\/prensapresidencialvenezuela.gob.ve\/index.php\/wp-json\/wp\/v2\/posts\/11609\/revisions\/11611"}],"wp:featuredmedia":[{"embeddable":true,"href":"https:\/\/prensapresidencialvenezuela.gob.ve\/index.php\/wp-json\/wp\/v2\/media\/11610"}],"wp:attachment":[{"href":"https:\/\/prensapresidencialvenezuela.gob.ve\/index.php\/wp-json\/wp\/v2\/media?parent=11609"}],"wp:term":[{"taxonomy":"category","embeddable":true,"href":"https:\/\/prensapresidencialvenezuela.gob.ve\/index.php\/wp-json\/wp\/v2\/categories?post=11609"},{"taxonomy":"post_tag","embeddable":true,"href":"https:\/\/prensapresidencialvenezuela.gob.ve\/index.php\/wp-json\/wp\/v2\/tags?post=11609"}],"curies":[{"name":"wp","href":"https:\/\/api.w.org\/{rel}","templated":true}]}}