{"id":1161,"date":"2022-06-02T15:59:22","date_gmt":"2022-06-02T15:59:22","guid":{"rendered":"http:\/\/172.27.0.121\/?p=1161"},"modified":"2022-11-23T15:02:02","modified_gmt":"2022-11-23T15:02:02","slug":"1-258-casos-se-han-reportado-por-la-linea-58-de-la-venapp","status":"publish","type":"post","link":"https:\/\/prensapresidencialvenezuela.gob.ve\/index.php\/2022\/06\/02\/1-258-casos-se-han-reportado-por-la-linea-58-de-la-venapp\/","title":{"rendered":"1.258 casos se han reportado por la l\u00ednea 58 de la VenApp"},"content":{"rendered":"\n<p><strong>Palacio de Miraflores, Caracas.-&nbsp;<\/strong>A la fecha se han registrado 1.258 casos por la l\u00ednea 58 de la red social VenApp,&nbsp; inform\u00f3 la vicepresidenta Ejecutiva, Delcy Rodr\u00edguez, durante una transmisi\u00f3n por redes sociales en la que el jefe de Estado, Nicol\u00e1s Maduro, ofreci\u00f3 un balance del 1\u00d710 para el Buen Gobierno.<\/p>\n\n\n\n<p>Las denuncias fueron recibidas en el Puesto de Comando Presidencial&nbsp; y \u00e9ste \u201cdistribuye a los distintos ministros, gobernadores y alcaldes\u201d, pormenoriz\u00f3 Rodr\u00edguez.<\/p>\n\n\n\n<p>Por su parte,&nbsp; el Presidente invit\u00f3 a las comunidades a inscribirse en el 1\u00d710 a trav\u00e9s del Sistema Patria, \u201cpara ir construyendo el mapa de soluciones dentro de la comunidad\u201d.<\/p>\n\n\n\n<p>Asimismo, destac\u00f3 la importancia del 1\u00d710 para vencer el burocratismo.&nbsp; \u201cComenzamos a romper con un bloqueo (\u2026), el bloqueo mental de los bur\u00f3cratas, lo vamos venciendo con la presi\u00f3n del pueblo, con la llamada del pueblo, con el 1\u00d710 del Buen Gobierno\u201d, enfatiz\u00f3, al atender una denuncia por medio de una llamada telef\u00f3nica.<\/p>\n\n\n\n<p>\u00abEl 1\u00d710 del Buen Gobierno es una l\u00ednea principal de trabajo de aqu\u00ed en adelante, es una forma de gobernar, conectarnos con los asuntos del pueblo (\u2026) y adem\u00e1s, generando con fuerza una forma de organizaci\u00f3n nueva \u00ab, puntualiz\u00f3 Maduro.<\/p>\n\n\n\n<p><strong>Prensa Presidencial\/ Eduardo Hueck<\/strong><\/p>\n","protected":false},"excerpt":{"rendered":"<p>Palacio de Miraflores, Caracas.-&nbsp;A la fecha se han registrado 1.258 casos por la l\u00ednea 58 de la red social VenApp,&nbsp; inform\u00f3 la vicepresidenta Ejecutiva, Delcy Rodr\u00edguez, durante una transmisi\u00f3n por redes sociales en la que el jefe de Estado, Nicol\u00e1s Maduro, ofreci\u00f3 un balance del 1\u00d710 para el Buen Gobierno. Las denuncias fueron recibidas en [&hellip;]<\/p>\n","protected":false},"author":1,"featured_media":1162,"comment_status":"closed","ping_status":"closed","sticky":false,"template":"","format":"standard","meta":{"footnotes":""},"categories":[7],"tags":[],"class_list":["post-1161","post","type-post","status-publish","format-standard","has-post-thumbnail","hentry","category-notas-de-prensa"],"_links":{"self":[{"href":"https:\/\/prensapresidencialvenezuela.gob.ve\/index.php\/wp-json\/wp\/v2\/posts\/1161","targetHints":{"allow":["GET"]}}],"collection":[{"href":"https:\/\/prensapresidencialvenezuela.gob.ve\/index.php\/wp-json\/wp\/v2\/posts"}],"about":[{"href":"https:\/\/prensapresidencialvenezuela.gob.ve\/index.php\/wp-json\/wp\/v2\/types\/post"}],"author":[{"embeddable":true,"href":"https:\/\/prensapresidencialvenezuela.gob.ve\/index.php\/wp-json\/wp\/v2\/users\/1"}],"replies":[{"embeddable":true,"href":"https:\/\/prensapresidencialvenezuela.gob.ve\/index.php\/wp-json\/wp\/v2\/comments?post=1161"}],"version-history":[{"count":1,"href":"https:\/\/prensapresidencialvenezuela.gob.ve\/index.php\/wp-json\/wp\/v2\/posts\/1161\/revisions"}],"predecessor-version":[{"id":1163,"href":"https:\/\/prensapresidencialvenezuela.gob.ve\/index.php\/wp-json\/wp\/v2\/posts\/1161\/revisions\/1163"}],"wp:featuredmedia":[{"embeddable":true,"href":"https:\/\/prensapresidencialvenezuela.gob.ve\/index.php\/wp-json\/wp\/v2\/media\/1162"}],"wp:attachment":[{"href":"https:\/\/prensapresidencialvenezuela.gob.ve\/index.php\/wp-json\/wp\/v2\/media?parent=1161"}],"wp:term":[{"taxonomy":"category","embeddable":true,"href":"https:\/\/prensapresidencialvenezuela.gob.ve\/index.php\/wp-json\/wp\/v2\/categories?post=1161"},{"taxonomy":"post_tag","embeddable":true,"href":"https:\/\/prensapresidencialvenezuela.gob.ve\/index.php\/wp-json\/wp\/v2\/tags?post=1161"}],"curies":[{"name":"wp","href":"https:\/\/api.w.org\/{rel}","templated":true}]}}