{"id":11615,"date":"2024-06-09T15:33:46","date_gmt":"2024-06-09T19:33:46","guid":{"rendered":"http:\/\/172.27.0.114\/?p=11615"},"modified":"2024-06-10T15:34:41","modified_gmt":"2024-06-10T19:34:41","slug":"presidente-lidera-reunion-con-el-comando-nacional-de-campana-venezuela-nuestra-del-siglo-xxi","status":"publish","type":"post","link":"https:\/\/prensapresidencialvenezuela.gob.ve\/index.php\/2024\/06\/09\/presidente-lidera-reunion-con-el-comando-nacional-de-campana-venezuela-nuestra-del-siglo-xxi\/","title":{"rendered":"Presidente lidera reuni\u00f3n con el Comando Nacional de Campa\u00f1a \u00abVenezuela Nuestra Del Siglo XXI\u00bb"},"content":{"rendered":"\n<p><strong>Baruta, estado Miranda.-<\/strong> El jefe de Estado venezolano y presidente del Partido Socialista Unido de Venezuela (PSUV), Nicol\u00e1s Maduro, encabeza reuni\u00f3n con el Comando Nacional de Campa\u00f1a \u00abVenezuela Nuestra Del Siglo XXI\u00bb, desde el Parque Vinicio Adames, Sector Hoyo de la Puerta, ubicado en el estado Miranda.<\/p>\n\n\n\n<p>Est\u00e1 actividad con el l\u00edder de la Revoluci\u00f3n Bolivariana est\u00e1 enmarcada en la <a><\/a>jornada del revisi\u00f3n del 1&#215;10 de movilizaci\u00f3n para el 28 de julio, que se realiza este domingo 9 de junio.<\/p>\n\n\n\n<p>En relaci\u00f3n a esta jornada el Presidente ha dicho lo siguiente: \u201cTodo el mundo debe haber registrado, cargado su 1&#215;10 (\u2026) \u00a1Atenci\u00f3n!. Las jefas y jefes de calle, las jefas y jefes de comunidad, las jefas y jefes de UBCh (Unidades de Batalla Bolivar-Chavez), y a todos los equipos de calle, comunidad, UBCh, bien organizados. Es un nuevo 1&#215;10 para el 2024, porque lo que estamos decidiendo en este 2024 es el destino de Venezuela para el resto del siglo XXI, el derecho a la paz, al futuro, la soberan\u00eda, la independencia, el derecho a existir como Patria\u201d.<\/p>\n\n\n\n<p>En el parque Vinicio Adames, el presidente Maduro est\u00e1 acompa\u00f1ado por Jorge Rodr\u00edguez, coordinador general del Comando de Campa\u00f1a \u00abVenezuela Nuestra\u00bb y jefe del Equipo de Comunicaci\u00f3n, Calles, Redes, Medios, Paredes y Radio Bemba; Cap.Diosdado Cabello, Jefe Del Equipo de Maquinaria Electoral, 1X10, 5X5 y Defensa Del Voto; Cilia Flores De Maduro, jefa del Equipo De Estrategia; Delcy Rodr\u00edguez, jefa del Equipo de Las 7t.nets y Relaciones Internacionales.<\/p>\n\n\n\n<p>Asimismo, se encuentran H\u00e9ctor Rodr\u00edguez, jefe del Equipo del Gran Polo Patri\u00f3tico, Amplias Alianzas y Movimientos Sociales; Nahum Fern\u00e1ndez, jefe de Equipo de Giras y Eventos; Alfred Nazareth \u00d1\u00e1\u00f1ez, Secretario Ejecutivo de Estrategia Electoral, Cap. Juan Escalona, Secretario Ejecutivo de Giras y Eventos y Pedro Infante, Integrante del Equipo de Maquinaria Electoral, 1X10, 5X5 y Defensa del Voto.<\/p>\n\n\n\n<p>Hoy las fuerzas revolucionarias han salido a verificar la maquinaria electoral; hombres y mujeres l\u00edderes de calles y UBCh participan en la revisi\u00f3n de 1&#215;10. Los l\u00edderes de UBCh, jefes de calle y comunidad tambi\u00e9n se encuentran junto con el presidente Maduro, bajo la modalidad de videoconferencia.<\/p>\n\n\n\n<p><strong>Prensa Presidencial \/ Eduardo Hueck<\/strong><\/p>\n","protected":false},"excerpt":{"rendered":"<p>Baruta, estado Miranda.- El jefe de Estado venezolano y presidente del Partido Socialista Unido de Venezuela (PSUV), Nicol\u00e1s Maduro, encabeza reuni\u00f3n con el Comando Nacional de Campa\u00f1a \u00abVenezuela Nuestra Del Siglo XXI\u00bb, desde el Parque Vinicio Adames, Sector Hoyo de la Puerta, ubicado en el estado Miranda. Est\u00e1 actividad con el l\u00edder de la Revoluci\u00f3n [&hellip;]<\/p>\n","protected":false},"author":4,"featured_media":11616,"comment_status":"open","ping_status":"open","sticky":false,"template":"","format":"standard","meta":{"footnotes":""},"categories":[18,7],"tags":[30,19,27,20],"class_list":["post-11615","post","type-post","status-publish","format-standard","has-post-thumbnail","hentry","category-noticias-principales","category-notas-de-prensa","tag-destacado","tag-nicolas-maduro","tag-revolucion-bolivariana","tag-venezuela"],"_links":{"self":[{"href":"https:\/\/prensapresidencialvenezuela.gob.ve\/index.php\/wp-json\/wp\/v2\/posts\/11615","targetHints":{"allow":["GET"]}}],"collection":[{"href":"https:\/\/prensapresidencialvenezuela.gob.ve\/index.php\/wp-json\/wp\/v2\/posts"}],"about":[{"href":"https:\/\/prensapresidencialvenezuela.gob.ve\/index.php\/wp-json\/wp\/v2\/types\/post"}],"author":[{"embeddable":true,"href":"https:\/\/prensapresidencialvenezuela.gob.ve\/index.php\/wp-json\/wp\/v2\/users\/4"}],"replies":[{"embeddable":true,"href":"https:\/\/prensapresidencialvenezuela.gob.ve\/index.php\/wp-json\/wp\/v2\/comments?post=11615"}],"version-history":[{"count":1,"href":"https:\/\/prensapresidencialvenezuela.gob.ve\/index.php\/wp-json\/wp\/v2\/posts\/11615\/revisions"}],"predecessor-version":[{"id":11617,"href":"https:\/\/prensapresidencialvenezuela.gob.ve\/index.php\/wp-json\/wp\/v2\/posts\/11615\/revisions\/11617"}],"wp:featuredmedia":[{"embeddable":true,"href":"https:\/\/prensapresidencialvenezuela.gob.ve\/index.php\/wp-json\/wp\/v2\/media\/11616"}],"wp:attachment":[{"href":"https:\/\/prensapresidencialvenezuela.gob.ve\/index.php\/wp-json\/wp\/v2\/media?parent=11615"}],"wp:term":[{"taxonomy":"category","embeddable":true,"href":"https:\/\/prensapresidencialvenezuela.gob.ve\/index.php\/wp-json\/wp\/v2\/categories?post=11615"},{"taxonomy":"post_tag","embeddable":true,"href":"https:\/\/prensapresidencialvenezuela.gob.ve\/index.php\/wp-json\/wp\/v2\/tags?post=11615"}],"curies":[{"name":"wp","href":"https:\/\/api.w.org\/{rel}","templated":true}]}}