{"id":11638,"date":"2024-06-10T17:27:13","date_gmt":"2024-06-10T21:27:13","guid":{"rendered":"http:\/\/172.27.0.114\/?p=11638"},"modified":"2024-06-11T17:44:37","modified_gmt":"2024-06-11T21:44:37","slug":"unidad-por-amor-a-venezuela-principio-rector-de-cara-a-la-victoria-del-28-j","status":"publish","type":"post","link":"https:\/\/prensapresidencialvenezuela.gob.ve\/index.php\/2024\/06\/10\/unidad-por-amor-a-venezuela-principio-rector-de-cara-a-la-victoria-del-28-j\/","title":{"rendered":"Unidad por amor a Venezuela, principio rector de cara a la victoria del 28-J"},"content":{"rendered":"\n<p><strong>Teatro Teresa Carre\u00f1o, Caracas.-<\/strong> \u201cLo que digo y siento y veo es que ha valido la pena ser leal a nuestro pueblo, a nuestro Comandante Hugo Ch\u00e1vez, al juramento que hice frente a \u00e9l antes de que partiera\u201d.<\/p>\n\n\n\n<p>Las palabras corresponden al presidente de la Rep\u00fablica Bolivariana de Venezuela, Nicol\u00e1s Maduro Moros, quien subray\u00f3 el valor de la lealtad como un principio rector para enfrentar las dificultades de <a><\/a>los \u00faltimos tiempos.<\/p>\n\n\n\n<p>\u201cEsa lealtad se ha sembrado como valor y creo que es el valor fundamental que tiene nuestro pueblo: la lealtad a la historia de Venezuela, la lealtad al derecho al futuro, la lealtad con la Revoluci\u00f3n Bolivariana\u201d, detall\u00f3 durante el programa \u00abCon Maduro +\u00bb, transmitido a trav\u00e9s de Venezolana de Televisi\u00f3n (VTV).<\/p>\n\n\n\n<p>En esa l\u00ednea, pormenoriz\u00f3 que \u201cesa lealtad se transforma en emoci\u00f3n cuando la gente ve que viene una gran batalla y que hay que ganarla; y que para ganarla tenemos que unir a todo el que pueda ser unido con amor a Venezuela para avanzar\u201d.<\/p>\n\n\n\n<p>\u201cFe en Venezuela, optimismo en el futuro, y victoria el 28 de julio, eso es lo que veo en el pueblo\u201d, reiter\u00f3.<\/p>\n\n\n\n<p><strong>Prensa Presidencial \/ Eduardo Hueck<\/strong><\/p>\n\n\n\n<p><\/p>\n","protected":false},"excerpt":{"rendered":"<p>Teatro Teresa Carre\u00f1o, Caracas.- \u201cLo que digo y siento y veo es que ha valido la pena ser leal a nuestro pueblo, a nuestro Comandante Hugo Ch\u00e1vez, al juramento que hice frente a \u00e9l antes de que partiera\u201d. Las palabras corresponden al presidente de la Rep\u00fablica Bolivariana de Venezuela, Nicol\u00e1s Maduro Moros, quien subray\u00f3 el [&hellip;]<\/p>\n","protected":false},"author":4,"featured_media":11639,"comment_status":"open","ping_status":"open","sticky":false,"template":"","format":"standard","meta":{"footnotes":""},"categories":[18,7],"tags":[30,19,27,20],"class_list":["post-11638","post","type-post","status-publish","format-standard","has-post-thumbnail","hentry","category-noticias-principales","category-notas-de-prensa","tag-destacado","tag-nicolas-maduro","tag-revolucion-bolivariana","tag-venezuela"],"_links":{"self":[{"href":"https:\/\/prensapresidencialvenezuela.gob.ve\/index.php\/wp-json\/wp\/v2\/posts\/11638","targetHints":{"allow":["GET"]}}],"collection":[{"href":"https:\/\/prensapresidencialvenezuela.gob.ve\/index.php\/wp-json\/wp\/v2\/posts"}],"about":[{"href":"https:\/\/prensapresidencialvenezuela.gob.ve\/index.php\/wp-json\/wp\/v2\/types\/post"}],"author":[{"embeddable":true,"href":"https:\/\/prensapresidencialvenezuela.gob.ve\/index.php\/wp-json\/wp\/v2\/users\/4"}],"replies":[{"embeddable":true,"href":"https:\/\/prensapresidencialvenezuela.gob.ve\/index.php\/wp-json\/wp\/v2\/comments?post=11638"}],"version-history":[{"count":1,"href":"https:\/\/prensapresidencialvenezuela.gob.ve\/index.php\/wp-json\/wp\/v2\/posts\/11638\/revisions"}],"predecessor-version":[{"id":11640,"href":"https:\/\/prensapresidencialvenezuela.gob.ve\/index.php\/wp-json\/wp\/v2\/posts\/11638\/revisions\/11640"}],"wp:featuredmedia":[{"embeddable":true,"href":"https:\/\/prensapresidencialvenezuela.gob.ve\/index.php\/wp-json\/wp\/v2\/media\/11639"}],"wp:attachment":[{"href":"https:\/\/prensapresidencialvenezuela.gob.ve\/index.php\/wp-json\/wp\/v2\/media?parent=11638"}],"wp:term":[{"taxonomy":"category","embeddable":true,"href":"https:\/\/prensapresidencialvenezuela.gob.ve\/index.php\/wp-json\/wp\/v2\/categories?post=11638"},{"taxonomy":"post_tag","embeddable":true,"href":"https:\/\/prensapresidencialvenezuela.gob.ve\/index.php\/wp-json\/wp\/v2\/tags?post=11638"}],"curies":[{"name":"wp","href":"https:\/\/api.w.org\/{rel}","templated":true}]}}