{"id":11644,"date":"2024-06-10T17:46:05","date_gmt":"2024-06-10T21:46:05","guid":{"rendered":"http:\/\/172.27.0.114\/?p=11644"},"modified":"2024-06-11T17:47:23","modified_gmt":"2024-06-11T21:47:23","slug":"venezuela-denuncia-silencio-complice-de-espana-sobre-asesinos-de-orlando-figuera","status":"publish","type":"post","link":"https:\/\/prensapresidencialvenezuela.gob.ve\/index.php\/2024\/06\/10\/venezuela-denuncia-silencio-complice-de-espana-sobre-asesinos-de-orlando-figuera\/","title":{"rendered":"Venezuela denuncia silencio c\u00f3mplice de Espa\u00f1a sobre asesinos de Orlando Figuera"},"content":{"rendered":"\n<p><strong>Teatro Teresa Carre\u00f1o, Caracas.- <\/strong>\u201cEspa\u00f1a no ha respondido, la justicia espa\u00f1ola, el Rey de Espa\u00f1a guardan silencio c\u00f3mplice frente a los asesinos de Orlando Figuera all\u00e1 en Espa\u00f1a, un silencio c\u00f3mplice guarda el Rey, el presidente de Espa\u00f1a y el Poder Judicial de Espa\u00f1a\u201d.<\/p>\n\n\n\n<p>Las palabras corresponden al presidente e la Rep\u00fablica Bolivariana de Venezuela, quien denunci\u00f3 que la justicia espa\u00f1ola no ha <a><\/a>respondido respecto a la solicitud de extradici\u00f3n de los involucrados en el asesinato del joven Orlando Figuera, ocurrido en mayo de 2017.<\/p>\n\n\n\n<p>En este sentido, record\u00f3 que Figuera, de 22 a\u00f1os, fue torturado, golpeado, perseguido y quemado vivo con gasolina por sectores de la ultraderecha en las guarimbas.<\/p>\n\n\n\n<p>El pasado mes de mayo, la Asamblea Nacional (AN) aprob\u00f3 un Proyecto de Acuerdo en Repudio al asesinato de Orlando Figuera, lo que constituye una profunda investigaci\u00f3n sobre las circunstancias que rodearon su prematuro deceso.<\/p>\n\n\n\n<p>En relaci\u00f3n al caso de Orlando Figuera, el fiscal general de la Rep\u00fablica, Tarek William Saab, precis\u00f3 que \u201cparticiparon personas que fueron pagadas para cometer actos al margen de la ley\u201d.<\/p>\n\n\n\n<p>Al respecto, la Fiscal\u00eda General de la Rep\u00fablica orden\u00f3 la aprehensi\u00f3n de los ciudadanos Kleiver Hern\u00e1ndez, Yuber Rodr\u00edguez, Elio Carrasquel y \u00c1ngel Daniel Sucre Cova por el asesinato de Orlando Figuera, mientras que reactiv\u00f3 la solicitud de extradici\u00f3n de Enzo Franchini, acusado de instigaci\u00f3n p\u00fablica y terrorismo.<\/p>\n\n\n\n<p>Saab explico que, en 2019, Franchini fue detenido en Espa\u00f1a y la Sala Penal del Tribunal Supremo de Justicia (TSJ) declar\u00f3 procedente la extradici\u00f3n del mismo. En el a\u00f1o 2020, la Sala de lo Penal de la Audiencia Nacional del Reino de Espa\u00f1a declar\u00f3 procedente en v\u00eda judicial la extradici\u00f3n de Enzo Franchini.<\/p>\n\n\n\n<p>Sin embargo, despu\u00e9s de una apelaci\u00f3n, se niega la extradici\u00f3n por alegar que se le violaban los derechos humanos a Franchini.<\/p>\n\n\n\n<p><strong>Prensa Presidencial \/ Joelin Jim\u00e9nez<\/strong><\/p>\n","protected":false},"excerpt":{"rendered":"<p>Teatro Teresa Carre\u00f1o, Caracas.- \u201cEspa\u00f1a no ha respondido, la justicia espa\u00f1ola, el Rey de Espa\u00f1a guardan silencio c\u00f3mplice frente a los asesinos de Orlando Figuera all\u00e1 en Espa\u00f1a, un silencio c\u00f3mplice guarda el Rey, el presidente de Espa\u00f1a y el Poder Judicial de Espa\u00f1a\u201d. Las palabras corresponden al presidente e la Rep\u00fablica Bolivariana de Venezuela, [&hellip;]<\/p>\n","protected":false},"author":4,"featured_media":11645,"comment_status":"open","ping_status":"open","sticky":false,"template":"","format":"standard","meta":{"footnotes":""},"categories":[18,7],"tags":[30,19,27,20],"class_list":["post-11644","post","type-post","status-publish","format-standard","has-post-thumbnail","hentry","category-noticias-principales","category-notas-de-prensa","tag-destacado","tag-nicolas-maduro","tag-revolucion-bolivariana","tag-venezuela"],"_links":{"self":[{"href":"https:\/\/prensapresidencialvenezuela.gob.ve\/index.php\/wp-json\/wp\/v2\/posts\/11644","targetHints":{"allow":["GET"]}}],"collection":[{"href":"https:\/\/prensapresidencialvenezuela.gob.ve\/index.php\/wp-json\/wp\/v2\/posts"}],"about":[{"href":"https:\/\/prensapresidencialvenezuela.gob.ve\/index.php\/wp-json\/wp\/v2\/types\/post"}],"author":[{"embeddable":true,"href":"https:\/\/prensapresidencialvenezuela.gob.ve\/index.php\/wp-json\/wp\/v2\/users\/4"}],"replies":[{"embeddable":true,"href":"https:\/\/prensapresidencialvenezuela.gob.ve\/index.php\/wp-json\/wp\/v2\/comments?post=11644"}],"version-history":[{"count":1,"href":"https:\/\/prensapresidencialvenezuela.gob.ve\/index.php\/wp-json\/wp\/v2\/posts\/11644\/revisions"}],"predecessor-version":[{"id":11646,"href":"https:\/\/prensapresidencialvenezuela.gob.ve\/index.php\/wp-json\/wp\/v2\/posts\/11644\/revisions\/11646"}],"wp:featuredmedia":[{"embeddable":true,"href":"https:\/\/prensapresidencialvenezuela.gob.ve\/index.php\/wp-json\/wp\/v2\/media\/11645"}],"wp:attachment":[{"href":"https:\/\/prensapresidencialvenezuela.gob.ve\/index.php\/wp-json\/wp\/v2\/media?parent=11644"}],"wp:term":[{"taxonomy":"category","embeddable":true,"href":"https:\/\/prensapresidencialvenezuela.gob.ve\/index.php\/wp-json\/wp\/v2\/categories?post=11644"},{"taxonomy":"post_tag","embeddable":true,"href":"https:\/\/prensapresidencialvenezuela.gob.ve\/index.php\/wp-json\/wp\/v2\/tags?post=11644"}],"curies":[{"name":"wp","href":"https:\/\/api.w.org\/{rel}","templated":true}]}}