{"id":11650,"date":"2024-06-10T17:48:31","date_gmt":"2024-06-10T21:48:31","guid":{"rendered":"http:\/\/172.27.0.114\/?p=11650"},"modified":"2024-06-11T17:49:40","modified_gmt":"2024-06-11T21:49:40","slug":"residente-maduro-esta-listo-para-firmar-acuerdo-electoral","status":"publish","type":"post","link":"https:\/\/prensapresidencialvenezuela.gob.ve\/index.php\/2024\/06\/10\/residente-maduro-esta-listo-para-firmar-acuerdo-electoral\/","title":{"rendered":"residente Maduro est\u00e1 listo para firmar acuerdo electoral"},"content":{"rendered":"\n<p><strong>Teatro Teresa Carre\u00f1o, Caracas.-<\/strong> Este lunes, durante la emisi\u00f3n del programa \u201cCon Maduro+\u201d, el presidente de la Rep\u00fablica, Nicol\u00e1s Maduro, ratific\u00f3 su compromiso de reconocer los resultados de las elecciones presidenciales del 28 de julio.<\/p>\n\n\n\n<p>Puntualiz\u00f3 que est\u00e1 listo para firmar -ante el Poder Electoral- un acuerdo donde \u201ctodos los candidatos reconozcamos el bolet\u00edn que va a leer el CNE (Consejo Nacional Electoral) el <a><\/a>d\u00eda de las elecciones\u201d.<\/p>\n\n\n\n<p>Igualmente, destac\u00f3 la labor del \u00f3rgano electoral como ente promotor de la democracia venezolana.<\/p>\n\n\n\n<p>\u201cCreo en el sistema electoral, creo en la democracia venezolana, creo en el pueblo, en la democracia profunda y verdadera. Estoy listo\u201d, asever\u00f3.<\/p>\n\n\n\n<p>El mandatario venezolano record\u00f3 que ha sido el promotor del di\u00e1logo en el pa\u00eds, f\u00f3rmula que aprendi\u00f3 del Comandante Hugo Ch\u00e1vez, quien siempre llam\u00f3 al di\u00e1logo, entendimiento y respeto de la Constituci\u00f3n.<\/p>\n\n\n\n<p>\u201cUna vez que el CNE lea los resultados del 28 de julio en la noche, ese d\u00eda bendito de victoria, lo primero que yo har\u00e9 como Presidente de la Rep\u00fablica, ya ratificado por el pueblo, ser\u00e1 convocar a un gran di\u00e1logo cultural, empresarial, social, pol\u00edtico, con toda la sociedad venezolana\u201d, recalc\u00f3.<\/p>\n\n\n\n<p>En este orden de ideas, apunt\u00f3 que este di\u00e1logo busca armonizar la visi\u00f3n hacia el futuro, al tiempo que rechaz\u00f3 cualquier acto de violencia y guarimba que impulsa la derecha a trav\u00e9s de la campa\u00f1a electoral.<\/p>\n\n\n\n<p>\u201cSiempre utilizan las campa\u00f1as electorales para tratar de desestabilizar la econom\u00eda, los p\u00fablicos, la pol\u00edtica para tratar de alborotar el avispero, pero no se lo vamos a permitir, en Venezuela va a triunfar la paz antes, durante y despu\u00e9s del 28 de julio, porque la paz lleg\u00f3 para quedarse, y por la paz daremos nuestra vida para que el pueblo tenga tranquilidad y estabilidad\u201d, concluy\u00f3.<\/p>\n\n\n\n<p><strong>Prensa Presidencial \/ Joelin Jim\u00e9nez<\/strong><\/p>\n","protected":false},"excerpt":{"rendered":"<p>Teatro Teresa Carre\u00f1o, Caracas.- Este lunes, durante la emisi\u00f3n del programa \u201cCon Maduro+\u201d, el presidente de la Rep\u00fablica, Nicol\u00e1s Maduro, ratific\u00f3 su compromiso de reconocer los resultados de las elecciones presidenciales del 28 de julio. Puntualiz\u00f3 que est\u00e1 listo para firmar -ante el Poder Electoral- un acuerdo donde \u201ctodos los candidatos reconozcamos el bolet\u00edn que [&hellip;]<\/p>\n","protected":false},"author":4,"featured_media":11651,"comment_status":"open","ping_status":"open","sticky":false,"template":"","format":"standard","meta":{"footnotes":""},"categories":[18,7],"tags":[30,19,27,20],"class_list":["post-11650","post","type-post","status-publish","format-standard","has-post-thumbnail","hentry","category-noticias-principales","category-notas-de-prensa","tag-destacado","tag-nicolas-maduro","tag-revolucion-bolivariana","tag-venezuela"],"_links":{"self":[{"href":"https:\/\/prensapresidencialvenezuela.gob.ve\/index.php\/wp-json\/wp\/v2\/posts\/11650","targetHints":{"allow":["GET"]}}],"collection":[{"href":"https:\/\/prensapresidencialvenezuela.gob.ve\/index.php\/wp-json\/wp\/v2\/posts"}],"about":[{"href":"https:\/\/prensapresidencialvenezuela.gob.ve\/index.php\/wp-json\/wp\/v2\/types\/post"}],"author":[{"embeddable":true,"href":"https:\/\/prensapresidencialvenezuela.gob.ve\/index.php\/wp-json\/wp\/v2\/users\/4"}],"replies":[{"embeddable":true,"href":"https:\/\/prensapresidencialvenezuela.gob.ve\/index.php\/wp-json\/wp\/v2\/comments?post=11650"}],"version-history":[{"count":1,"href":"https:\/\/prensapresidencialvenezuela.gob.ve\/index.php\/wp-json\/wp\/v2\/posts\/11650\/revisions"}],"predecessor-version":[{"id":11652,"href":"https:\/\/prensapresidencialvenezuela.gob.ve\/index.php\/wp-json\/wp\/v2\/posts\/11650\/revisions\/11652"}],"wp:featuredmedia":[{"embeddable":true,"href":"https:\/\/prensapresidencialvenezuela.gob.ve\/index.php\/wp-json\/wp\/v2\/media\/11651"}],"wp:attachment":[{"href":"https:\/\/prensapresidencialvenezuela.gob.ve\/index.php\/wp-json\/wp\/v2\/media?parent=11650"}],"wp:term":[{"taxonomy":"category","embeddable":true,"href":"https:\/\/prensapresidencialvenezuela.gob.ve\/index.php\/wp-json\/wp\/v2\/categories?post=11650"},{"taxonomy":"post_tag","embeddable":true,"href":"https:\/\/prensapresidencialvenezuela.gob.ve\/index.php\/wp-json\/wp\/v2\/tags?post=11650"}],"curies":[{"name":"wp","href":"https:\/\/api.w.org\/{rel}","templated":true}]}}