{"id":11659,"date":"2024-06-11T17:53:24","date_gmt":"2024-06-11T21:53:24","guid":{"rendered":"http:\/\/172.27.0.114\/?p=11659"},"modified":"2024-06-11T17:53:24","modified_gmt":"2024-06-11T21:53:24","slug":"designado-julio-garcia-como-ministro-del-servicio-penitenciario","status":"publish","type":"post","link":"https:\/\/prensapresidencialvenezuela.gob.ve\/index.php\/2024\/06\/11\/designado-julio-garcia-como-ministro-del-servicio-penitenciario\/","title":{"rendered":"Designado Julio Garc\u00eda como ministro del Servicio Penitenciario"},"content":{"rendered":"\n<p><strong>Palacio de Miraflores, Caracas.-<\/strong> Impulsar un sistema respetuoso de los derechos humanos es la misi\u00f3n de Julio Garc\u00eda Zerpa, quien asume la titularidad del Ministerio del Poder Popular para el Servicio Penitenciario.<\/p>\n\n\n\n<p>El anuncio lo realiz\u00f3 el presidente de la Rep\u00fablica, Nicol\u00e1s Maduro, quien subray\u00f3 que en esta nueva etapa los esfuerzos deben encaminar a profundizar \u00abun sistema adaptado a los nuevos tiempos, seguro y <a><\/a>estable\u00bb.<\/p>\n\n\n\n<p>A trav\u00e9s de un mensaje difundido en su cuenta de la red social X, @NicolasMaduro, extendi\u00f3 su agradecimiento a la vicealmirante Celsa Bautista por la labor ejercida frente al Servicio Penitenciario desde el 13 de febrero del a\u00f1o 2023, per\u00edodo en el que dedic\u00f3 esfuerzos a la atenci\u00f3n integral de los privados de libertad, as\u00ed como a la gesti\u00f3n oportuna de solicitudes elevadas por sus familiares.<\/p>\n\n\n\n<p>El nuevo ministro del Servicio Penitenciario, Julio Garc\u00eda Zerpa, ejerc\u00eda como diputado de la Asamblea Nacional e integrante de la Comisi\u00f3n de Pol\u00edtica Interior.<\/p>\n\n\n\n<p>Dentro de sus responsabilidades en el Poder Legislativo tambi\u00e9n se cuentan su participaci\u00f3n en los Grupos de Amistad Parlamentaria Venezuela &#8211; Costa Rica, Venezuela &#8211; Colombia, Venezuela &#8211; Italia y Venezuela &#8211; Ecuador.<\/p>\n\n\n\n<p><strong>Prensa Presidencial<\/strong><\/p>\n","protected":false},"excerpt":{"rendered":"<p>Palacio de Miraflores, Caracas.- Impulsar un sistema respetuoso de los derechos humanos es la misi\u00f3n de Julio Garc\u00eda Zerpa, quien asume la titularidad del Ministerio del Poder Popular para el Servicio Penitenciario. El anuncio lo realiz\u00f3 el presidente de la Rep\u00fablica, Nicol\u00e1s Maduro, quien subray\u00f3 que en esta nueva etapa los esfuerzos deben encaminar a [&hellip;]<\/p>\n","protected":false},"author":4,"featured_media":11660,"comment_status":"open","ping_status":"open","sticky":false,"template":"","format":"standard","meta":{"footnotes":""},"categories":[18,7],"tags":[30,19,27,20],"class_list":["post-11659","post","type-post","status-publish","format-standard","has-post-thumbnail","hentry","category-noticias-principales","category-notas-de-prensa","tag-destacado","tag-nicolas-maduro","tag-revolucion-bolivariana","tag-venezuela"],"_links":{"self":[{"href":"https:\/\/prensapresidencialvenezuela.gob.ve\/index.php\/wp-json\/wp\/v2\/posts\/11659","targetHints":{"allow":["GET"]}}],"collection":[{"href":"https:\/\/prensapresidencialvenezuela.gob.ve\/index.php\/wp-json\/wp\/v2\/posts"}],"about":[{"href":"https:\/\/prensapresidencialvenezuela.gob.ve\/index.php\/wp-json\/wp\/v2\/types\/post"}],"author":[{"embeddable":true,"href":"https:\/\/prensapresidencialvenezuela.gob.ve\/index.php\/wp-json\/wp\/v2\/users\/4"}],"replies":[{"embeddable":true,"href":"https:\/\/prensapresidencialvenezuela.gob.ve\/index.php\/wp-json\/wp\/v2\/comments?post=11659"}],"version-history":[{"count":1,"href":"https:\/\/prensapresidencialvenezuela.gob.ve\/index.php\/wp-json\/wp\/v2\/posts\/11659\/revisions"}],"predecessor-version":[{"id":11661,"href":"https:\/\/prensapresidencialvenezuela.gob.ve\/index.php\/wp-json\/wp\/v2\/posts\/11659\/revisions\/11661"}],"wp:featuredmedia":[{"embeddable":true,"href":"https:\/\/prensapresidencialvenezuela.gob.ve\/index.php\/wp-json\/wp\/v2\/media\/11660"}],"wp:attachment":[{"href":"https:\/\/prensapresidencialvenezuela.gob.ve\/index.php\/wp-json\/wp\/v2\/media?parent=11659"}],"wp:term":[{"taxonomy":"category","embeddable":true,"href":"https:\/\/prensapresidencialvenezuela.gob.ve\/index.php\/wp-json\/wp\/v2\/categories?post=11659"},{"taxonomy":"post_tag","embeddable":true,"href":"https:\/\/prensapresidencialvenezuela.gob.ve\/index.php\/wp-json\/wp\/v2\/tags?post=11659"}],"curies":[{"name":"wp","href":"https:\/\/api.w.org\/{rel}","templated":true}]}}