{"id":11662,"date":"2024-06-11T17:54:29","date_gmt":"2024-06-11T21:54:29","guid":{"rendered":"http:\/\/172.27.0.114\/?p=11662"},"modified":"2024-06-11T17:54:29","modified_gmt":"2024-06-11T21:54:29","slug":"venezuela-y-nigeria-afianzan-lazos-de-cooperacion-energetica","status":"publish","type":"post","link":"https:\/\/prensapresidencialvenezuela.gob.ve\/index.php\/2024\/06\/11\/venezuela-y-nigeria-afianzan-lazos-de-cooperacion-energetica\/","title":{"rendered":"Venezuela y Nigeria afianzan lazos de cooperaci\u00f3n energ\u00e9tica"},"content":{"rendered":"\n<p><strong>Palacio de Miraflores, Caracas.-<\/strong> Con el prop\u00f3sito de afianzar lazos de cooperaci\u00f3n petrolera y gas\u00edfera, el presidente de la Rep\u00fablica Bolivariana de Venezuela, Nicol\u00e1s Maduro Moros, sostuvo un encuentro con la delegaci\u00f3n de la Rep\u00fablica Federal de Nigeria, encabezada por el pr\u00edncipe de Nigeria, Excelent\u00edsimo Se\u00f1or Arthur Eze y director ejecutivo de la empresa Atlas Oranto Petroleum.<\/p>\n\n\n\n<p>El encuentro se inscribe en la <a><\/a>profundizaci\u00f3n de las alianzas empresariales en el \u00e1mbito internacional, adem\u00e1s de fortalecer el mapa de cooperaci\u00f3n en el \u00e1rea energ\u00e9tica entre Abuya y Caracas.<\/p>\n\n\n\n<p>M\u00e1s temprano, el Pr\u00edncipe Arthur Eze se reuni\u00f3 con el ministro del Poder Popular para Petr\u00f3leo, Pedro Tellechea, donde adem\u00e1s de evaluar temas relacionados con la industria petrolera, abordaron las oportunidades de inversi\u00f3n en el sector energ\u00e9tico de Venezuela.<\/p>\n\n\n\n<p>Del di\u00e1logo bilateral, precisamente, se desprende una agenda exploratoria de inversiones en petr\u00f3leo y gas, refiere la estatal Petr\u00f3leos de Venezuela (PDVSA).<\/p>\n\n\n\n<p>En la reuni\u00f3n interviene Alex Saab, presidente del Centro Internacional de Inversi\u00f3n Productiva de Venezuela (CIIP), quien ha venido desarrollando un plan de inversiones como parte de las Siete Transformaciones (7T) para consolidar un nuevo modelo econ\u00f3mico productivo no dependiente de la renta petrolera.<\/p>\n\n\n\n<p>Por la delegaci\u00f3n de Nigeria, tambi\u00e9n se encuentra el ge\u00f3logo John Ebubechukwu.<\/p>\n\n\n\n<p>Atlas Oranto Petroleum es la empresa privada m\u00e1s grande de la Rep\u00fablica Federal de Nigeria en el sector petrolero y gas\u00edfero, con participaci\u00f3n en el \u00e1mbito internacional en Guinea Ecuatorial, Namibia y Senegal.<\/p>\n\n\n\n<p>Las relaciones de Venezuela y Nigeria se establecieron en 1965 lo que ha permitido suscribir acuerdos en distintos \u00e1mbitos como la cooperaci\u00f3n t\u00e9cnica estrat\u00e9gica, cultural y energ\u00e9tica.<\/p>\n\n\n\n<p><strong>Prensa Presidencial \/ Joelin Jim\u00e9nez<\/strong><\/p>\n","protected":false},"excerpt":{"rendered":"<p>Palacio de Miraflores, Caracas.- Con el prop\u00f3sito de afianzar lazos de cooperaci\u00f3n petrolera y gas\u00edfera, el presidente de la Rep\u00fablica Bolivariana de Venezuela, Nicol\u00e1s Maduro Moros, sostuvo un encuentro con la delegaci\u00f3n de la Rep\u00fablica Federal de Nigeria, encabezada por el pr\u00edncipe de Nigeria, Excelent\u00edsimo Se\u00f1or Arthur Eze y director ejecutivo de la empresa Atlas [&hellip;]<\/p>\n","protected":false},"author":4,"featured_media":11663,"comment_status":"open","ping_status":"open","sticky":false,"template":"","format":"standard","meta":{"footnotes":""},"categories":[18,7],"tags":[30,19,27,20],"class_list":["post-11662","post","type-post","status-publish","format-standard","has-post-thumbnail","hentry","category-noticias-principales","category-notas-de-prensa","tag-destacado","tag-nicolas-maduro","tag-revolucion-bolivariana","tag-venezuela"],"_links":{"self":[{"href":"https:\/\/prensapresidencialvenezuela.gob.ve\/index.php\/wp-json\/wp\/v2\/posts\/11662","targetHints":{"allow":["GET"]}}],"collection":[{"href":"https:\/\/prensapresidencialvenezuela.gob.ve\/index.php\/wp-json\/wp\/v2\/posts"}],"about":[{"href":"https:\/\/prensapresidencialvenezuela.gob.ve\/index.php\/wp-json\/wp\/v2\/types\/post"}],"author":[{"embeddable":true,"href":"https:\/\/prensapresidencialvenezuela.gob.ve\/index.php\/wp-json\/wp\/v2\/users\/4"}],"replies":[{"embeddable":true,"href":"https:\/\/prensapresidencialvenezuela.gob.ve\/index.php\/wp-json\/wp\/v2\/comments?post=11662"}],"version-history":[{"count":1,"href":"https:\/\/prensapresidencialvenezuela.gob.ve\/index.php\/wp-json\/wp\/v2\/posts\/11662\/revisions"}],"predecessor-version":[{"id":11664,"href":"https:\/\/prensapresidencialvenezuela.gob.ve\/index.php\/wp-json\/wp\/v2\/posts\/11662\/revisions\/11664"}],"wp:featuredmedia":[{"embeddable":true,"href":"https:\/\/prensapresidencialvenezuela.gob.ve\/index.php\/wp-json\/wp\/v2\/media\/11663"}],"wp:attachment":[{"href":"https:\/\/prensapresidencialvenezuela.gob.ve\/index.php\/wp-json\/wp\/v2\/media?parent=11662"}],"wp:term":[{"taxonomy":"category","embeddable":true,"href":"https:\/\/prensapresidencialvenezuela.gob.ve\/index.php\/wp-json\/wp\/v2\/categories?post=11662"},{"taxonomy":"post_tag","embeddable":true,"href":"https:\/\/prensapresidencialvenezuela.gob.ve\/index.php\/wp-json\/wp\/v2\/tags?post=11662"}],"curies":[{"name":"wp","href":"https:\/\/api.w.org\/{rel}","templated":true}]}}