{"id":1167,"date":"2022-06-02T16:01:40","date_gmt":"2022-06-02T16:01:40","guid":{"rendered":"http:\/\/172.27.0.121\/?p=1167"},"modified":"2022-06-02T16:01:40","modified_gmt":"2022-06-02T16:01:40","slug":"mas-de-2-000-denuncias-registradas-en-el-puesto-de-comando-del-1x10-para-el-buen-gobierno","status":"publish","type":"post","link":"https:\/\/prensapresidencialvenezuela.gob.ve\/index.php\/2022\/06\/02\/mas-de-2-000-denuncias-registradas-en-el-puesto-de-comando-del-1x10-para-el-buen-gobierno\/","title":{"rendered":"M\u00e1s de 2.000 denuncias registradas en el Puesto de Comando del 1\u00d710 para el Buen Gobierno"},"content":{"rendered":"\n<p><strong>Palacio de Miraflores, Caracas.-&nbsp;<\/strong>&nbsp;Desde el 20 de mayo, el Puesto de Comando Presidencial del 1\u00d710 para el Buen Gobierno ha recibido 2.547 denuncias, de las cuales 1.585 corresponden a casos de agua, 532 por salud, 430 en educaci\u00f3n, detall\u00f3 la vicepresidenta Ejecutiva, Delcy Rodr\u00edguez, durante una transmisi\u00f3n por redes sociales en la que el Jefe de Estado, Nicol\u00e1s Maduro, ofreci\u00f3 un balance del novedoso sistema de atenci\u00f3n directa al pueblo.<\/p>\n\n\n\n<p>El presidente Maduro&nbsp; destac\u00f3 que en tan solo 10 d\u00edas existe, en cifra global, \u201cun promedio de 250 casos por d\u00eda\u201d.<\/p>\n\n\n\n<p>El Jefe de Estado asimismo indic\u00f3, que \u00abel 1\u00d710 es la clave para conectarnos con los problemas que&nbsp; tiene la gente en su comunidad, en su barrio, en su urbanismo\u00bb, al tiempo que reiter\u00f3 su llamado a las comunidades a inscribir su 1\u00d710 y denunciar por la red social VenApp, para la atenci\u00f3n temprana de problemas.<\/p>\n\n\n\n<p>Vale destacar que el Sistema 1\u00d710 del Buen Gobierno tiene el objetivo de fortalecer la gesti\u00f3n p\u00fablica con la participaci\u00f3n directa del Poder Popular.<\/p>\n\n\n\n<p><strong>Prensa Presidencial\/ Eduardo Hueck<\/strong><\/p>\n","protected":false},"excerpt":{"rendered":"<p>Palacio de Miraflores, Caracas.-&nbsp;&nbsp;Desde el 20 de mayo, el Puesto de Comando Presidencial del 1\u00d710 para el Buen Gobierno ha recibido 2.547 denuncias, de las cuales 1.585 corresponden a casos de agua, 532 por salud, 430 en educaci\u00f3n, detall\u00f3 la vicepresidenta Ejecutiva, Delcy Rodr\u00edguez, durante una transmisi\u00f3n por redes sociales en la que el Jefe [&hellip;]<\/p>\n","protected":false},"author":1,"featured_media":1168,"comment_status":"closed","ping_status":"closed","sticky":false,"template":"","format":"standard","meta":{"footnotes":""},"categories":[18],"tags":[],"class_list":["post-1167","post","type-post","status-publish","format-standard","has-post-thumbnail","hentry","category-noticias-principales"],"_links":{"self":[{"href":"https:\/\/prensapresidencialvenezuela.gob.ve\/index.php\/wp-json\/wp\/v2\/posts\/1167","targetHints":{"allow":["GET"]}}],"collection":[{"href":"https:\/\/prensapresidencialvenezuela.gob.ve\/index.php\/wp-json\/wp\/v2\/posts"}],"about":[{"href":"https:\/\/prensapresidencialvenezuela.gob.ve\/index.php\/wp-json\/wp\/v2\/types\/post"}],"author":[{"embeddable":true,"href":"https:\/\/prensapresidencialvenezuela.gob.ve\/index.php\/wp-json\/wp\/v2\/users\/1"}],"replies":[{"embeddable":true,"href":"https:\/\/prensapresidencialvenezuela.gob.ve\/index.php\/wp-json\/wp\/v2\/comments?post=1167"}],"version-history":[{"count":1,"href":"https:\/\/prensapresidencialvenezuela.gob.ve\/index.php\/wp-json\/wp\/v2\/posts\/1167\/revisions"}],"predecessor-version":[{"id":1169,"href":"https:\/\/prensapresidencialvenezuela.gob.ve\/index.php\/wp-json\/wp\/v2\/posts\/1167\/revisions\/1169"}],"wp:featuredmedia":[{"embeddable":true,"href":"https:\/\/prensapresidencialvenezuela.gob.ve\/index.php\/wp-json\/wp\/v2\/media\/1168"}],"wp:attachment":[{"href":"https:\/\/prensapresidencialvenezuela.gob.ve\/index.php\/wp-json\/wp\/v2\/media?parent=1167"}],"wp:term":[{"taxonomy":"category","embeddable":true,"href":"https:\/\/prensapresidencialvenezuela.gob.ve\/index.php\/wp-json\/wp\/v2\/categories?post=1167"},{"taxonomy":"post_tag","embeddable":true,"href":"https:\/\/prensapresidencialvenezuela.gob.ve\/index.php\/wp-json\/wp\/v2\/tags?post=1167"}],"curies":[{"name":"wp","href":"https:\/\/api.w.org\/{rel}","templated":true}]}}