{"id":11677,"date":"2024-06-11T22:02:57","date_gmt":"2024-06-12T02:02:57","guid":{"rendered":"http:\/\/172.27.0.114\/?p=11677"},"modified":"2024-06-11T22:02:58","modified_gmt":"2024-06-12T02:02:58","slug":"nace-la-gran-mision-vuelta-a-la-patria-bajo-la-rectoria-del-canciller-yvan-gil","status":"publish","type":"post","link":"https:\/\/prensapresidencialvenezuela.gob.ve\/index.php\/2024\/06\/11\/nace-la-gran-mision-vuelta-a-la-patria-bajo-la-rectoria-del-canciller-yvan-gil\/","title":{"rendered":"Nace la Gran Misi\u00f3n Vuelta a la Patria, bajo la rector\u00eda del canciller Yv\u00e1n Gil"},"content":{"rendered":"\n<p><strong>Palacio de Miraflores, Caracas.-<\/strong> El canciller venezolano, Yv\u00e1n Gil, tendr\u00e1 la \u201crector\u00eda, el mando y la conducci\u00f3n\u201d de la nueva Gran Misi\u00f3n Vuelta a la Patria para \u201ctenderle nuestro apoyo\u201d a los connacionales y as\u00ed defender sus derechos.<\/p>\n\n\n\n<p>Al realizar el anuncio, el presidente de la Rep\u00fablica Bolivariana de Venezuela, Nicol\u00e1s Maduro, pormenoriz\u00f3 que este planteamiento se ha venido madurando y ser\u00e1 el <a><\/a>\u201cpr\u00f3ximo lunes\u201d cuando explique \u201ccon lujos de detalles\u201d, porque \u201cestoy esperando que llegue el Canciller, quien viaj\u00f3 a China, Vietnam, Rusia, a la reuni\u00f3n de los BRICS\u201d.<\/p>\n\n\n\n<p>En referencia al grupo de compatriotas que ha sido afectado por las heridas sociales y econ\u00f3micas que crearon las sanciones solicitadas por la ultraderecha, ilustr\u00f3 que todos y todas han \u201cconocido la cara del capitalismo salvaje y le est\u00e1n viendo la cara a la sobre explotaci\u00f3n\u201d.<\/p>\n\n\n\n<p>Al sostener que la \u201cPatria ahora est\u00e1 brillando\u201d y que \u201ces la hora de volver\u201d, el Jefe de Estado enfatiz\u00f3 que la Gran Misi\u00f3n Vuelta a la Patria \u201cnace en este momento feliz y bendito de Venezuela\u201d.<\/p>\n\n\n\n<p>En su programa \u201cCon Maduro de Repente\u201d, detall\u00f3 que en los pr\u00f3ximos d\u00edas explicar\u00e1 el programa social en sus v\u00e9rtices: Educaci\u00f3n, Cultura, Identidad, Protecci\u00f3n Socio Econ\u00f3mica, El Plan Log\u00edstico del Plan Vuelta a la Patria y Asesor\u00eda Jur\u00eddica, al ratificar: \u201csaben ustedes que los queremos de vuelta aqu\u00ed y est\u00e1 llegando la hora, ha llegado el momento\u201d.<\/p>\n\n\n\n<p>La vicepresidenta Ejecutiva, Delcy Rodr\u00edguez, agreg\u00f3 que esta Gran Misi\u00f3n Vuelta a la Patria ser\u00e1 muy hermosa para el reencuentro de la familia.<\/p>\n\n\n\n<p>\u201cSi algo piden los abuelos y abuelas es ver a sus hijos, a sus nietos\u201d, apunt\u00f3 al recordar quienes promovieron esta migraci\u00f3n econ\u00f3mica fueron los mismos que causaron las sanciones.<\/p>\n\n\n\n<p><strong>Prensa Presidencial \/ Ana\u00eds P\u00e9rez<\/strong><\/p>\n","protected":false},"excerpt":{"rendered":"<p>Palacio de Miraflores, Caracas.- El canciller venezolano, Yv\u00e1n Gil, tendr\u00e1 la \u201crector\u00eda, el mando y la conducci\u00f3n\u201d de la nueva Gran Misi\u00f3n Vuelta a la Patria para \u201ctenderle nuestro apoyo\u201d a los connacionales y as\u00ed defender sus derechos. Al realizar el anuncio, el presidente de la Rep\u00fablica Bolivariana de Venezuela, Nicol\u00e1s Maduro, pormenoriz\u00f3 que este [&hellip;]<\/p>\n","protected":false},"author":4,"featured_media":11678,"comment_status":"open","ping_status":"open","sticky":false,"template":"","format":"standard","meta":{"footnotes":""},"categories":[18,7],"tags":[30,19,27,20],"class_list":["post-11677","post","type-post","status-publish","format-standard","has-post-thumbnail","hentry","category-noticias-principales","category-notas-de-prensa","tag-destacado","tag-nicolas-maduro","tag-revolucion-bolivariana","tag-venezuela"],"_links":{"self":[{"href":"https:\/\/prensapresidencialvenezuela.gob.ve\/index.php\/wp-json\/wp\/v2\/posts\/11677","targetHints":{"allow":["GET"]}}],"collection":[{"href":"https:\/\/prensapresidencialvenezuela.gob.ve\/index.php\/wp-json\/wp\/v2\/posts"}],"about":[{"href":"https:\/\/prensapresidencialvenezuela.gob.ve\/index.php\/wp-json\/wp\/v2\/types\/post"}],"author":[{"embeddable":true,"href":"https:\/\/prensapresidencialvenezuela.gob.ve\/index.php\/wp-json\/wp\/v2\/users\/4"}],"replies":[{"embeddable":true,"href":"https:\/\/prensapresidencialvenezuela.gob.ve\/index.php\/wp-json\/wp\/v2\/comments?post=11677"}],"version-history":[{"count":1,"href":"https:\/\/prensapresidencialvenezuela.gob.ve\/index.php\/wp-json\/wp\/v2\/posts\/11677\/revisions"}],"predecessor-version":[{"id":11679,"href":"https:\/\/prensapresidencialvenezuela.gob.ve\/index.php\/wp-json\/wp\/v2\/posts\/11677\/revisions\/11679"}],"wp:featuredmedia":[{"embeddable":true,"href":"https:\/\/prensapresidencialvenezuela.gob.ve\/index.php\/wp-json\/wp\/v2\/media\/11678"}],"wp:attachment":[{"href":"https:\/\/prensapresidencialvenezuela.gob.ve\/index.php\/wp-json\/wp\/v2\/media?parent=11677"}],"wp:term":[{"taxonomy":"category","embeddable":true,"href":"https:\/\/prensapresidencialvenezuela.gob.ve\/index.php\/wp-json\/wp\/v2\/categories?post=11677"},{"taxonomy":"post_tag","embeddable":true,"href":"https:\/\/prensapresidencialvenezuela.gob.ve\/index.php\/wp-json\/wp\/v2\/tags?post=11677"}],"curies":[{"name":"wp","href":"https:\/\/api.w.org\/{rel}","templated":true}]}}