{"id":11707,"date":"2024-06-19T13:01:22","date_gmt":"2024-06-19T17:01:22","guid":{"rendered":"https:\/\/190.202.11.92\/?p=11707"},"modified":"2024-06-19T13:01:22","modified_gmt":"2024-06-19T17:01:22","slug":"presidente-llamo-al-empresariado-de-los-llanos-a-la-union-en-el-trabajo","status":"publish","type":"post","link":"https:\/\/prensapresidencialvenezuela.gob.ve\/index.php\/2024\/06\/19\/presidente-llamo-al-empresariado-de-los-llanos-a-la-union-en-el-trabajo\/","title":{"rendered":"Presidente llam\u00f3 al empresariado de Los Llanos a la uni\u00f3n en el trabajo"},"content":{"rendered":"\n<p><\/p>\n\n\n\n<p><strong>San Fernando de Apure, estado Apure.-<\/strong>\u201cVengo a llamar al empresariado de los Llanos a la uni\u00f3n en el trabajo, a la uni\u00f3n en el amor por nuestro pa\u00eds\u201d, expres\u00f3 el presidente Nicol\u00e1s Maduro, durante la reuni\u00f3n del Consejo Nacional de Econom\u00eda Productiva, realizada en San Fernando de Apure, estado Apure.<\/p>\n\n\n\n<p>En el encuentro, el Mandatario expres\u00f3 su fe absoluta en las capacidades de Venezuela y ratific\u00f3 que a <a><\/a>cada sanci\u00f3n criminal, una soluci\u00f3n heroica y genial.<\/p>\n\n\n\n<p>\u201cAs\u00ed lo pens\u00f3 el ingeniero, el t\u00e9cnico, el trabajador cuando tuvo que recuperar la m\u00e1quina, el repuesto sin poder importarlo porque estaba prohibido y perseguido por Estados Unidos\u201d, record\u00f3 el jefe de Estado, quien destac\u00f3 que \u201cno s\u00f3lo fue una etapa de resistencia sino que nos desplegamos en ofensiva colectiva como una familia que se protege y entre ayuda\u201d.<\/p>\n\n\n\n<p>En esa l\u00ednea, el Dignatario afirm\u00f3 \u201cque cada riqueza obtenida por su trabajo \u2013pueblo venezolano- y captada a trav\u00e9s de los impuestos, como estamos creciendo, y convertida en la recuperaci\u00f3n o construcci\u00f3n de un CDI de un SRI en la recuperaci\u00f3n de un hospital, en la recuperaci\u00f3n de una escuela, de un liceo, de una universidad en cada obra inaugurada, en estos tiempos, es un triunfo de todos y de todas contra las sanciones y esa agresi\u00f3n criminal contra un pueblo noble como el venezolano\u201d.<\/p>\n\n\n\n<p>Asimismo, exalt\u00f3 las acciones e ideas de cada venezolano para enfrentar las sanciones impuesta por el imperialismo reiterando su confianza en las capacidades del pueblo.<\/p>\n\n\n\n<p>\u201cLo hicimos posible y hoy somos m\u00e1s fuertes, decidido, tenemos m\u00e1s fe y confianza. Tengo una fe absoluta en las capacidades de Venezuela para salir adelante y transitar el camino de la Venezuela potencia\u201d, subray\u00f3.<\/p>\n\n\n\n<p>Durante esta actividad desarrollada en el estado Apure, el presidente Nicol\u00e1s Maduro reiter\u00f3 la importancia de la unidad en el trabajo para el fortalecimiento productivo.<\/p>\n\n\n\n<p><strong>Prensa Presidencial \/  Eduardo Huec<\/strong>k<\/p>\n\n\n\n<p><\/p>\n","protected":false},"excerpt":{"rendered":"<p>San Fernando de Apure, estado Apure.-\u201cVengo a llamar al empresariado de los Llanos a la uni\u00f3n en el trabajo, a la uni\u00f3n en el amor por nuestro pa\u00eds\u201d, expres\u00f3 el presidente Nicol\u00e1s Maduro, durante la reuni\u00f3n del Consejo Nacional de Econom\u00eda Productiva, realizada en San Fernando de Apure, estado Apure. En el encuentro, el Mandatario [&hellip;]<\/p>\n","protected":false},"author":4,"featured_media":11708,"comment_status":"open","ping_status":"open","sticky":false,"template":"","format":"standard","meta":{"footnotes":""},"categories":[18,7],"tags":[30,21,19,20],"class_list":["post-11707","post","type-post","status-publish","format-standard","has-post-thumbnail","hentry","category-noticias-principales","category-notas-de-prensa","tag-destacado","tag-economia-venezolana","tag-nicolas-maduro","tag-venezuela"],"_links":{"self":[{"href":"https:\/\/prensapresidencialvenezuela.gob.ve\/index.php\/wp-json\/wp\/v2\/posts\/11707","targetHints":{"allow":["GET"]}}],"collection":[{"href":"https:\/\/prensapresidencialvenezuela.gob.ve\/index.php\/wp-json\/wp\/v2\/posts"}],"about":[{"href":"https:\/\/prensapresidencialvenezuela.gob.ve\/index.php\/wp-json\/wp\/v2\/types\/post"}],"author":[{"embeddable":true,"href":"https:\/\/prensapresidencialvenezuela.gob.ve\/index.php\/wp-json\/wp\/v2\/users\/4"}],"replies":[{"embeddable":true,"href":"https:\/\/prensapresidencialvenezuela.gob.ve\/index.php\/wp-json\/wp\/v2\/comments?post=11707"}],"version-history":[{"count":1,"href":"https:\/\/prensapresidencialvenezuela.gob.ve\/index.php\/wp-json\/wp\/v2\/posts\/11707\/revisions"}],"predecessor-version":[{"id":11709,"href":"https:\/\/prensapresidencialvenezuela.gob.ve\/index.php\/wp-json\/wp\/v2\/posts\/11707\/revisions\/11709"}],"wp:featuredmedia":[{"embeddable":true,"href":"https:\/\/prensapresidencialvenezuela.gob.ve\/index.php\/wp-json\/wp\/v2\/media\/11708"}],"wp:attachment":[{"href":"https:\/\/prensapresidencialvenezuela.gob.ve\/index.php\/wp-json\/wp\/v2\/media?parent=11707"}],"wp:term":[{"taxonomy":"category","embeddable":true,"href":"https:\/\/prensapresidencialvenezuela.gob.ve\/index.php\/wp-json\/wp\/v2\/categories?post=11707"},{"taxonomy":"post_tag","embeddable":true,"href":"https:\/\/prensapresidencialvenezuela.gob.ve\/index.php\/wp-json\/wp\/v2\/tags?post=11707"}],"curies":[{"name":"wp","href":"https:\/\/api.w.org\/{rel}","templated":true}]}}