{"id":1173,"date":"2022-06-02T16:03:52","date_gmt":"2022-06-02T16:03:52","guid":{"rendered":"http:\/\/172.27.0.121\/?p=1173"},"modified":"2022-06-02T16:03:52","modified_gmt":"2022-06-02T16:03:52","slug":"presidente-maduro-queremos-paz-y-cooperacion-con-colombia","status":"publish","type":"post","link":"https:\/\/prensapresidencialvenezuela.gob.ve\/index.php\/2022\/06\/02\/presidente-maduro-queremos-paz-y-cooperacion-con-colombia\/","title":{"rendered":"Presidente Maduro: Queremos paz y cooperaci\u00f3n con Colombia"},"content":{"rendered":"\n<p><strong>Comuna Socialista Altos de L\u00eddice, Caracas.-&nbsp;<\/strong>\u201cLa paz y la hermandad es lo que queremos con Colombia\u201d, asever\u00f3 el presidente de la Rep\u00fablica, Nicol\u00e1s Maduro, a prop\u00f3sito de los resultados que deriven de la segunda vuelta electoral entre Gustavo Petro (Pacto Hist\u00f3rico) y Rodolfo Hern\u00e1ndez (Liga de Gobernantes Anticorrupci\u00f3n), pautada para el pr\u00f3ximo 19 de junio.<\/p>\n\n\n\n<p>\u201cGane quien gane la Presidencia en Colombia, queremos paz y cooperaci\u00f3n con Colombia. Lo lograremos\u201d, enfatiz\u00f3 desde la Comuna Socialista Altos de L\u00eddice, ubicada en Caracas.<\/p>\n\n\n\n<p>La primera vuelta de las elecciones presidenciales de Colombia que se realiz\u00f3 el domingo 29 de mayo, coloc\u00f3 en disputa directa por la Casa de Nari\u00f1o a los candidatos Gustavo Petro (Pacto Hist\u00f3rico) y Rodolfo Hern\u00e1ndez (Liga de Gobernantes Anticorrupci\u00f3n), quienes alcanzaron 40,32% (8.526.787 votos) y 28,15% (5.952.968 votos), respectivamente.<\/p>\n\n\n\n<p>En este sentido, dado que la f\u00f3rmula ganadora no acumul\u00f3 la mitad m\u00e1s uno del total de votos v\u00e1lidos, el 19 de junio de 2022 se desarrollar\u00e1 la segunda vuelta entre Petro y Hern\u00e1ndez que determinar\u00e1 al mandatario que liderar\u00e1 Colombia en los pr\u00f3ximo cuatro a\u00f1os (2022-2026).<\/p>\n\n\n\n<p><strong>Prensa Presidencial \/ Karelis Gonz\u00e1lez<\/strong><\/p>\n","protected":false},"excerpt":{"rendered":"<p>Comuna Socialista Altos de L\u00eddice, Caracas.-&nbsp;\u201cLa paz y la hermandad es lo que queremos con Colombia\u201d, asever\u00f3 el presidente de la Rep\u00fablica, Nicol\u00e1s Maduro, a prop\u00f3sito de los resultados que deriven de la segunda vuelta electoral entre Gustavo Petro (Pacto Hist\u00f3rico) y Rodolfo Hern\u00e1ndez (Liga de Gobernantes Anticorrupci\u00f3n), pautada para el pr\u00f3ximo 19 de junio. [&hellip;]<\/p>\n","protected":false},"author":5,"featured_media":1174,"comment_status":"closed","ping_status":"closed","sticky":false,"template":"","format":"standard","meta":{"footnotes":""},"categories":[7],"tags":[],"class_list":["post-1173","post","type-post","status-publish","format-standard","has-post-thumbnail","hentry","category-notas-de-prensa"],"_links":{"self":[{"href":"https:\/\/prensapresidencialvenezuela.gob.ve\/index.php\/wp-json\/wp\/v2\/posts\/1173","targetHints":{"allow":["GET"]}}],"collection":[{"href":"https:\/\/prensapresidencialvenezuela.gob.ve\/index.php\/wp-json\/wp\/v2\/posts"}],"about":[{"href":"https:\/\/prensapresidencialvenezuela.gob.ve\/index.php\/wp-json\/wp\/v2\/types\/post"}],"author":[{"embeddable":true,"href":"https:\/\/prensapresidencialvenezuela.gob.ve\/index.php\/wp-json\/wp\/v2\/users\/5"}],"replies":[{"embeddable":true,"href":"https:\/\/prensapresidencialvenezuela.gob.ve\/index.php\/wp-json\/wp\/v2\/comments?post=1173"}],"version-history":[{"count":1,"href":"https:\/\/prensapresidencialvenezuela.gob.ve\/index.php\/wp-json\/wp\/v2\/posts\/1173\/revisions"}],"predecessor-version":[{"id":1175,"href":"https:\/\/prensapresidencialvenezuela.gob.ve\/index.php\/wp-json\/wp\/v2\/posts\/1173\/revisions\/1175"}],"wp:featuredmedia":[{"embeddable":true,"href":"https:\/\/prensapresidencialvenezuela.gob.ve\/index.php\/wp-json\/wp\/v2\/media\/1174"}],"wp:attachment":[{"href":"https:\/\/prensapresidencialvenezuela.gob.ve\/index.php\/wp-json\/wp\/v2\/media?parent=1173"}],"wp:term":[{"taxonomy":"category","embeddable":true,"href":"https:\/\/prensapresidencialvenezuela.gob.ve\/index.php\/wp-json\/wp\/v2\/categories?post=1173"},{"taxonomy":"post_tag","embeddable":true,"href":"https:\/\/prensapresidencialvenezuela.gob.ve\/index.php\/wp-json\/wp\/v2\/tags?post=1173"}],"curies":[{"name":"wp","href":"https:\/\/api.w.org\/{rel}","templated":true}]}}