{"id":11787,"date":"2024-06-19T19:01:59","date_gmt":"2024-06-19T23:01:59","guid":{"rendered":"https:\/\/190.202.11.92\/?p=11787"},"modified":"2024-06-19T19:01:59","modified_gmt":"2024-06-19T23:01:59","slug":"211-anos-cumple-el-decreto-de-guerra-a-muerte-promulgado-por-bolivar","status":"publish","type":"post","link":"https:\/\/prensapresidencialvenezuela.gob.ve\/index.php\/2024\/06\/19\/211-anos-cumple-el-decreto-de-guerra-a-muerte-promulgado-por-bolivar\/","title":{"rendered":"211 a\u00f1os cumple el Decreto de Guerra a Muerte promulgado por Bol\u00edvar"},"content":{"rendered":"\n<p><\/p>\n\n\n\n<p><strong>Palacio de Miraflores, Caracas.-<\/strong> El 15 de junio de 1813 en la ciudad de Trujillo, el Libertador, Sim\u00f3n Bol\u00edvar, lanz\u00f3 el Decreto de Guerra a Muerte. Uno de los motivos de dicha promulgaci\u00f3n, fue responder a las acciones del exterminio contra los soldados patriotas por parte del ej\u00e9rcito realista, a quienes fusilaban sin contemplaci\u00f3n a pesar de haberse rendido.<\/p>\n\n\n\n<p>El Libertador Sim\u00f3n Bol\u00edvar consider\u00f3 <a><\/a>igualmente que se ten\u00eda que cambiar la idea sobre la Guerra de Independencia, debido a que muchos venezolanos no entend\u00edan por que luchaban y estaban al lado de la colonia espa\u00f1ola, cuando en realidad era una guerra entre naciones enemigas.<\/p>\n\n\n\n<p>El Decreto de Guerra a Muerte determina la firme decisi\u00f3n de enfrentar al enemigo sin cuartel, con el fin de lograr la libertad de los territorios ocupados por el Imperio Espa\u00f1ol, y encarar los cr\u00edmenes de guerra cometidos entre otros, por Domingo Monteverde, capit\u00e1n espa\u00f1ol y Jos\u00e9 Tom\u00e1s Boves, despu\u00e9s de la ca\u00edda de la Primera Rep\u00fablica.<\/p>\n\n\n\n<p>El presidente de la Rep\u00fablica Bolivariana de Venezuela, Nicol\u00e1s Maduro, ha dicho que el Decreto de Guerra a Muerte promulgado por Sim\u00f3n Bol\u00edvar en 1813, en el marco de su Campa\u00f1a Admirable, es un documento hist\u00f3rico, que representa ejemplo de fuerza y determinaci\u00f3n por alcanzar su libertad.<\/p>\n\n\n\n<p>\u201cHoy ese esp\u00edritu guerrero de aquellos libertadores, est\u00e1 presente en los venezolanos patriotas, decididos a defender nuestra soberan\u00eda y nuestra paz\u201d, ha manifestado el jefe de Estado.<\/p>\n\n\n\n<p>\u00abEspa\u00f1oles y Canarios, contad con la muerte, aun siendo indiferentes, si no obr\u00e1is activamente en obsequio de la libertad de Am\u00e9rica. Americanos, contad con la vida, a\u00fan cuando se\u00e1is culpables.\u00bb postula dicho decreto.<\/p>\n\n\n\n<p>El Decreto de Guerra dur\u00f3 7 a\u00f1os y el tratado de Armisticio y Regulaci\u00f3n de la Guerra acordado entre Sim\u00f3n Bol\u00edvar y Pablo Morillo, fue disuelto un 28 de enero de 1821, cuando el General venezolano Rafael Urdaneta ocupa la ciudad de Maracaibo con varios batallones.<\/p>\n\n\n\n<p>El Mariscal de Campo espa\u00f1ol, Miguel de La Torre protest\u00f3 la medida, pero Bol\u00edvar argument\u00f3 su legalidad. Al no llegar a un acuerdo ambos ej\u00e9rcitos reinician las hostilidades un 28 de abril, siendo derrotados los realistas, en la Batalla de Carabobo un 24 de junio de 1821.<\/p>\n\n\n\n<p><strong>Prensa Presidencial \/ Orlando Ru\u00edz<\/strong><\/p>\n","protected":false},"excerpt":{"rendered":"<p>Palacio de Miraflores, Caracas.- El 15 de junio de 1813 en la ciudad de Trujillo, el Libertador, Sim\u00f3n Bol\u00edvar, lanz\u00f3 el Decreto de Guerra a Muerte. Uno de los motivos de dicha promulgaci\u00f3n, fue responder a las acciones del exterminio contra los soldados patriotas por parte del ej\u00e9rcito realista, a quienes fusilaban sin contemplaci\u00f3n a [&hellip;]<\/p>\n","protected":false},"author":4,"featured_media":11788,"comment_status":"open","ping_status":"open","sticky":false,"template":"","format":"standard","meta":{"footnotes":""},"categories":[18,10],"tags":[27,20],"class_list":["post-11787","post","type-post","status-publish","format-standard","has-post-thumbnail","hentry","category-noticias-principales","category-especiales","tag-revolucion-bolivariana","tag-venezuela"],"_links":{"self":[{"href":"https:\/\/prensapresidencialvenezuela.gob.ve\/index.php\/wp-json\/wp\/v2\/posts\/11787","targetHints":{"allow":["GET"]}}],"collection":[{"href":"https:\/\/prensapresidencialvenezuela.gob.ve\/index.php\/wp-json\/wp\/v2\/posts"}],"about":[{"href":"https:\/\/prensapresidencialvenezuela.gob.ve\/index.php\/wp-json\/wp\/v2\/types\/post"}],"author":[{"embeddable":true,"href":"https:\/\/prensapresidencialvenezuela.gob.ve\/index.php\/wp-json\/wp\/v2\/users\/4"}],"replies":[{"embeddable":true,"href":"https:\/\/prensapresidencialvenezuela.gob.ve\/index.php\/wp-json\/wp\/v2\/comments?post=11787"}],"version-history":[{"count":1,"href":"https:\/\/prensapresidencialvenezuela.gob.ve\/index.php\/wp-json\/wp\/v2\/posts\/11787\/revisions"}],"predecessor-version":[{"id":11789,"href":"https:\/\/prensapresidencialvenezuela.gob.ve\/index.php\/wp-json\/wp\/v2\/posts\/11787\/revisions\/11789"}],"wp:featuredmedia":[{"embeddable":true,"href":"https:\/\/prensapresidencialvenezuela.gob.ve\/index.php\/wp-json\/wp\/v2\/media\/11788"}],"wp:attachment":[{"href":"https:\/\/prensapresidencialvenezuela.gob.ve\/index.php\/wp-json\/wp\/v2\/media?parent=11787"}],"wp:term":[{"taxonomy":"category","embeddable":true,"href":"https:\/\/prensapresidencialvenezuela.gob.ve\/index.php\/wp-json\/wp\/v2\/categories?post=11787"},{"taxonomy":"post_tag","embeddable":true,"href":"https:\/\/prensapresidencialvenezuela.gob.ve\/index.php\/wp-json\/wp\/v2\/tags?post=11787"}],"curies":[{"name":"wp","href":"https:\/\/api.w.org\/{rel}","templated":true}]}}