{"id":11796,"date":"2024-06-19T19:36:15","date_gmt":"2024-06-19T23:36:15","guid":{"rendered":"https:\/\/190.202.11.92\/?p=11796"},"modified":"2024-06-19T19:36:15","modified_gmt":"2024-06-19T23:36:15","slug":"presidente-maduro-recibio-a-alcaldes-de-oposicion-del-estado-barinas","status":"publish","type":"post","link":"https:\/\/prensapresidencialvenezuela.gob.ve\/index.php\/2024\/06\/19\/presidente-maduro-recibio-a-alcaldes-de-oposicion-del-estado-barinas\/","title":{"rendered":"Presidente Maduro recibi\u00f3 a alcaldes de oposici\u00f3n del estado Barinas"},"content":{"rendered":"\n<p><strong>Palacio de Miraflores, Caracas.-<\/strong> El presidente de la Rep\u00fablica Bolivariana de Venezuela, Nicol\u00e1s Maduro, recibi\u00f3 a alcaldes de oposici\u00f3n del estado Barinas, en el Palacio de Miraflores, ubicado en Caracas.<\/p>\n\n\n\n<p>En el di\u00e1logo que se realiz\u00f3 en el Despacho 1, particip\u00f3 el alcalde del municipio Ezequiel Zamora, Nels\u00f3n Garc\u00eda Mora, integrante del partido Compromiso Pa\u00eds (COMPA).<\/p>\n\n\n\n<p><a><\/a>Asimismo, participaron los alcaldes de Pedraza, Jos\u00e9 Adri\u00e1n Azuaje Cordero, y de Obispos, Frenchy D\u00edaz Rodr\u00edguez, ambos pertenecientes a las filas de la Mesa de la Unidad Democr\u00e1tica (MUD).<\/p>\n\n\n\n<p>Por la parte del Gobierno Nacional, asistieron el presidente de la Asamblea Nacional, Jorge Rodr\u00edguez, el ministro del Poder Popular para el Transporte, Ram\u00f3n Vel\u00e1squez Araguay\u00e1n; y la Primera Combatiente de la Rep\u00fablica, Cilia Flores.<\/p>\n\n\n\n<p>En el intercambio de ideas con el Jefe de Estado, los alcaldes llaneros expresaron su posici\u00f3n en cuanto al llamado a la paz nacional.<\/p>\n\n\n\n<p>Al t\u00e9rmino del cordial encuentro, el alcalde Frenchy D\u00edaz calific\u00f3 de fructifero el acercamiento que sirvi\u00f3 para exponer \u00abcada una de las necesidades que tenemos en los municipios\u00bb.<\/p>\n\n\n\n<p>En este sentido, se\u00f1al\u00f3 que las autoridades del Gobierno \u00abse comprometieron a la culminaci\u00f3n de obras en materia de infraestructura\u00bb en la localidad.<\/p>\n\n\n\n<p>Por su parte, Nels\u00f3n Garc\u00eda, del municipio Ezequiel Zamora, manifest\u00f3 su satisfacci\u00f3n \u00aba nombre del pueblo de Zamora, por como nos recibi\u00f3 el Presidente de la Rep\u00fablica\u00bb a quien \u00abhemos entregado los proyectos y se ha comprometido a apoyarnos\u00bb.<\/p>\n\n\n\n<p>En representaci\u00f3n del municipio Obispos, Jos\u00e9 Adri\u00e1n Azuaje se declar\u00f3 \u00abalcalde independiente\u00bb, al argumentar que \u00abse debe a un pueblo\u00bb, al que llam\u00f3 a \u00abgarantizar la paz de Venezuela (&#8230;) y apoyando al presidente Nicol\u00e1s Maduro Moros\u00bb.<\/p>\n\n\n\n<p><strong>Prensa Presidencial \/ Eduardo Hueck<\/strong><\/p>\n","protected":false},"excerpt":{"rendered":"<p>Palacio de Miraflores, Caracas.- El presidente de la Rep\u00fablica Bolivariana de Venezuela, Nicol\u00e1s Maduro, recibi\u00f3 a alcaldes de oposici\u00f3n del estado Barinas, en el Palacio de Miraflores, ubicado en Caracas. En el di\u00e1logo que se realiz\u00f3 en el Despacho 1, particip\u00f3 el alcalde del municipio Ezequiel Zamora, Nels\u00f3n Garc\u00eda Mora, integrante del partido Compromiso Pa\u00eds [&hellip;]<\/p>\n","protected":false},"author":4,"featured_media":11797,"comment_status":"open","ping_status":"open","sticky":false,"template":"","format":"standard","meta":{"footnotes":""},"categories":[18,7],"tags":[30,38,19,450,20],"class_list":["post-11796","post","type-post","status-publish","format-standard","has-post-thumbnail","hentry","category-noticias-principales","category-notas-de-prensa","tag-destacado","tag-diplomacia-bolivariana-de-paz","tag-nicolas-maduro","tag-politica","tag-venezuela"],"_links":{"self":[{"href":"https:\/\/prensapresidencialvenezuela.gob.ve\/index.php\/wp-json\/wp\/v2\/posts\/11796","targetHints":{"allow":["GET"]}}],"collection":[{"href":"https:\/\/prensapresidencialvenezuela.gob.ve\/index.php\/wp-json\/wp\/v2\/posts"}],"about":[{"href":"https:\/\/prensapresidencialvenezuela.gob.ve\/index.php\/wp-json\/wp\/v2\/types\/post"}],"author":[{"embeddable":true,"href":"https:\/\/prensapresidencialvenezuela.gob.ve\/index.php\/wp-json\/wp\/v2\/users\/4"}],"replies":[{"embeddable":true,"href":"https:\/\/prensapresidencialvenezuela.gob.ve\/index.php\/wp-json\/wp\/v2\/comments?post=11796"}],"version-history":[{"count":1,"href":"https:\/\/prensapresidencialvenezuela.gob.ve\/index.php\/wp-json\/wp\/v2\/posts\/11796\/revisions"}],"predecessor-version":[{"id":11798,"href":"https:\/\/prensapresidencialvenezuela.gob.ve\/index.php\/wp-json\/wp\/v2\/posts\/11796\/revisions\/11798"}],"wp:featuredmedia":[{"embeddable":true,"href":"https:\/\/prensapresidencialvenezuela.gob.ve\/index.php\/wp-json\/wp\/v2\/media\/11797"}],"wp:attachment":[{"href":"https:\/\/prensapresidencialvenezuela.gob.ve\/index.php\/wp-json\/wp\/v2\/media?parent=11796"}],"wp:term":[{"taxonomy":"category","embeddable":true,"href":"https:\/\/prensapresidencialvenezuela.gob.ve\/index.php\/wp-json\/wp\/v2\/categories?post=11796"},{"taxonomy":"post_tag","embeddable":true,"href":"https:\/\/prensapresidencialvenezuela.gob.ve\/index.php\/wp-json\/wp\/v2\/tags?post=11796"}],"curies":[{"name":"wp","href":"https:\/\/api.w.org\/{rel}","templated":true}]}}