{"id":11819,"date":"2024-06-21T15:16:22","date_gmt":"2024-06-21T19:16:22","guid":{"rendered":"https:\/\/prensapresidencialvenezuela.gob.ve\/?p=11819"},"modified":"2024-06-21T15:16:22","modified_gmt":"2024-06-21T19:16:22","slug":"pueblo-del-estado-bolivar-se-volco-a-las-calles-con-amor-irrestricto-a-nicolas-maduro","status":"publish","type":"post","link":"https:\/\/prensapresidencialvenezuela.gob.ve\/index.php\/2024\/06\/21\/pueblo-del-estado-bolivar-se-volco-a-las-calles-con-amor-irrestricto-a-nicolas-maduro\/","title":{"rendered":"Pueblo del estado Bol\u00edvar se volc\u00f3 a las calles con amor irrestricto a Nicol\u00e1s Maduro"},"content":{"rendered":"\n<p><\/p>\n\n\n\n<p><strong>Sider\u00fargica del Orinoco, estado Bol\u00edvar.-<\/strong>En una manifestaci\u00f3n de alegr\u00eda, el pueblo del estado Bol\u00edvar, se volc\u00f3 a las calles, para expresar su respaldo al presidente de la Rep\u00fablica Bolivariana de Venezuela, Nicol\u00e1s Maduro.<\/p>\n\n\n\n<p>Trabajadores y Trabajadoras de la Sider\u00fargica del Orinoco (Sidor), levantaron sus manos afirmativamente a favor del jefe de Estado, en un recorrido por las calles de <a><\/a>la entidad, donde el mandatario muestra mucha alegr\u00eda ante tan efusivo recibimiento.<\/p>\n\n\n\n<p>Desde las instalaciones de \u201cAlfredo Maneiro\u201d, en el Port\u00f3n 3, los trabajadores y las mujeres trabajadoras de las empresas b\u00e1sicas, del hierro y del aluminio, de Bauxilum, Venalum, tambi\u00e9n dijeron presente en el periplo que realiz\u00f3 el mandatario venezolano.<\/p>\n\n\n\n<p>El contacto directo que tiene el presidente Maduro con Guayana, demuestra una fuerza avasallante con el pueblo de Venezuela, en lo que el mandatario ha llamado \u201cuna hermosa peregrinaci\u00f3n con el pueblo y una semana de comunicaciones contundentes y directas de la mano con el pueblo\u201d, donde el pueblo se ha volcado en cada visita a las calles respaldando a la Revoluci\u00f3n Bolivariana.<\/p>\n\n\n\n<p><strong>Prensa Presidencial\/Orlando Ruiz<\/strong><\/p>\n","protected":false},"excerpt":{"rendered":"<p>Sider\u00fargica del Orinoco, estado Bol\u00edvar.-En una manifestaci\u00f3n de alegr\u00eda, el pueblo del estado Bol\u00edvar, se volc\u00f3 a las calles, para expresar su respaldo al presidente de la Rep\u00fablica Bolivariana de Venezuela, Nicol\u00e1s Maduro. Trabajadores y Trabajadoras de la Sider\u00fargica del Orinoco (Sidor), levantaron sus manos afirmativamente a favor del jefe de Estado, en un recorrido [&hellip;]<\/p>\n","protected":false},"author":4,"featured_media":11833,"comment_status":"open","ping_status":"open","sticky":false,"template":"","format":"standard","meta":{"footnotes":""},"categories":[18,7],"tags":[30,19,451,27,20],"class_list":["post-11819","post","type-post","status-publish","format-standard","has-post-thumbnail","hentry","category-noticias-principales","category-notas-de-prensa","tag-destacado","tag-nicolas-maduro","tag-pueblo","tag-revolucion-bolivariana","tag-venezuela"],"_links":{"self":[{"href":"https:\/\/prensapresidencialvenezuela.gob.ve\/index.php\/wp-json\/wp\/v2\/posts\/11819","targetHints":{"allow":["GET"]}}],"collection":[{"href":"https:\/\/prensapresidencialvenezuela.gob.ve\/index.php\/wp-json\/wp\/v2\/posts"}],"about":[{"href":"https:\/\/prensapresidencialvenezuela.gob.ve\/index.php\/wp-json\/wp\/v2\/types\/post"}],"author":[{"embeddable":true,"href":"https:\/\/prensapresidencialvenezuela.gob.ve\/index.php\/wp-json\/wp\/v2\/users\/4"}],"replies":[{"embeddable":true,"href":"https:\/\/prensapresidencialvenezuela.gob.ve\/index.php\/wp-json\/wp\/v2\/comments?post=11819"}],"version-history":[{"count":1,"href":"https:\/\/prensapresidencialvenezuela.gob.ve\/index.php\/wp-json\/wp\/v2\/posts\/11819\/revisions"}],"predecessor-version":[{"id":11834,"href":"https:\/\/prensapresidencialvenezuela.gob.ve\/index.php\/wp-json\/wp\/v2\/posts\/11819\/revisions\/11834"}],"wp:featuredmedia":[{"embeddable":true,"href":"https:\/\/prensapresidencialvenezuela.gob.ve\/index.php\/wp-json\/wp\/v2\/media\/11833"}],"wp:attachment":[{"href":"https:\/\/prensapresidencialvenezuela.gob.ve\/index.php\/wp-json\/wp\/v2\/media?parent=11819"}],"wp:term":[{"taxonomy":"category","embeddable":true,"href":"https:\/\/prensapresidencialvenezuela.gob.ve\/index.php\/wp-json\/wp\/v2\/categories?post=11819"},{"taxonomy":"post_tag","embeddable":true,"href":"https:\/\/prensapresidencialvenezuela.gob.ve\/index.php\/wp-json\/wp\/v2\/tags?post=11819"}],"curies":[{"name":"wp","href":"https:\/\/api.w.org\/{rel}","templated":true}]}}